{"id":7169,"date":"2023-11-17T09:21:58","date_gmt":"2023-11-17T12:21:58","guid":{"rendered":"https:\/\/intranet.lubraquim.com.br\/?p=7169"},"modified":"2023-11-17T09:22:01","modified_gmt":"2023-11-17T12:22:01","slug":"dia-da-consciencia-negra","status":"publish","type":"post","link":"https:\/\/intranet.lubraquim.com.br\/index.php\/2023\/11\/17\/dia-da-consciencia-negra\/","title":{"rendered":"Dia da Consci\u00eancia Negra"},"content":{"rendered":"\n<p><\/p>\n\n\n\n<p><\/p>\n\n\n<p>O&nbsp;<strong>Dia da Consci\u00eancia Negra<\/strong>&nbsp;\u00e9 comemorado em&nbsp;<strong>20<br \/>\nde novembro<\/strong>. Apesar de n\u00e3o ser feriado em todo o Brasil, \u00e9 feriado em<br \/>\nalgumas cidades e nos seguintes estados: S\u00e3o Paulo, Rio de Janeiro, Mato<br \/>\nGrosso, Alagoas, Amazonas, Amap\u00e1 e Rio Grande do Sul.<o:p><\/o:p><\/p>\n<p><!-- \/wp:paragraph --><!-- wp:paragraph --><\/p>\n<p>A data recorda o dia em Zumbi dos Palmares foi assassinado, 20 de novembro<br \/>\nde 1695. Zumbi foi l\u00edder do Quilombo de Palmares, um ref\u00fagio dos escravos, e<br \/>\ndurante sua vida lutou contra a escravid\u00e3o.<o:p><\/o:p><\/p>\n<p><!-- \/wp:paragraph --><!-- wp:paragraph --><\/p>\n<p>&nbsp;\u00c9 uma data de celebra\u00e7\u00e3o e de conscientiza\u00e7\u00e3o&nbsp;sobre a for\u00e7a, a<br \/>\nresist\u00eancia e o sofrimento que a popula\u00e7\u00e3o negra viveu no Brasil desde<br \/>\na&nbsp;coloniza\u00e7\u00e3o. Durante o&nbsp;per\u00edodo colonial aproximadamente 4,6 milh\u00f5es<br \/>\nde africanos foram trazidos para o Brasil para servirem na condi\u00e7\u00e3o de<br \/>\nescravos, trabalhando primeiramente em lavouras de&nbsp;cana-de-a\u00e7\u00facar&nbsp;e<br \/>\nno servi\u00e7o dom\u00e9stico, e posteriormente na&nbsp;minera\u00e7\u00e3o&nbsp;e em outras<br \/>\nlavouras.<o:p><\/o:p><\/p>\n<p><!-- \/wp:paragraph --><!-- wp:paragraph --><\/p>\n<p>A condi\u00e7\u00e3o de vida dos africanos e dos negros escravizados nascidos no<br \/>\nBrasil era extremamente prec\u00e1ria. Al\u00e9m de serem submetidos ao trabalho for\u00e7ado,<br \/>\nos escravos eram submetidos a um tratamento degradante e humilhante, n\u00e3o tendo<br \/>\ndireito a tratamento m\u00e9dico, \u00e0 educa\u00e7\u00e3o e a qualquer tipo de assist\u00eancia<br \/>\nsocial.<o:p><\/o:p><\/p>\n<p><!-- \/wp:paragraph --><!-- wp:paragraph --><\/p>\n<p>Se por um lado temos motivos para comemorar o Dia Nacional da Consci\u00eancia<br \/>\nNegra, por outro, temos motivos para discutir o racismo e promover a ideia de<br \/>\nintegra\u00e7\u00e3o igual da popula\u00e7\u00e3o negra na sociedade, lutando contra a exclus\u00e3o e a<br \/>\ndesigualdade social. Nesse sentido, as a\u00e7\u00f5es promovidas no dia 20 de novembro<br \/>\nn\u00e3o devem ser de comemora\u00e7\u00e3o, mas de conscientiza\u00e7\u00e3o e reflex\u00e3o.<o:p><\/o:p><\/p>\n<p>Desejamos a todos um excelente feriado!!!!<o:p><\/o:p><\/p>\n<p><!-- \/wp:paragraph --><!-- wp:paragraph --><\/p>\n<p class=MsoNormal><o:p>&nbsp;<\/o:p><\/p>\n<p><!-- \/wp:paragraph --><\/p>","protected":false},"excerpt":{"rendered":"<p>O&nbsp;Dia da Consci\u00eancia Negra&nbsp;\u00e9 comemorado em&nbsp;20 de novembro. Apesar de n\u00e3o ser feriado em todo o Brasil, \u00e9 feriado em algumas cidades e nos seguintes estados: S\u00e3o Paulo, Rio de &hellip;<\/p>\n<p class=\"read-more\"> <a class=\"\" href=\"https:\/\/intranet.lubraquim.com.br\/index.php\/2023\/11\/17\/dia-da-consciencia-negra\/\"> <span class=\"screen-reader-text\">Dia da Consci\u00eancia Negra<\/span> Leia mais &raquo;<\/a><\/p>\n","protected":false},"author":6,"featured_media":7171,"comment_status":"open","ping_status":"open","sticky":false,"template":"","format":"standard","meta":{"site-sidebar-layout":"","site-content-layout":"","ast-main-header-display":"","ast-hfb-above-header-display":"","ast-hfb-below-header-display":"","ast-hfb-mobile-header-display":"","site-post-title":"","ast-breadcrumbs-content":"","ast-featured-img":"","footer-sml-layout":"","theme-transparent-header-meta":"","adv-header-id-meta":"","stick-header-meta":"","header-above-stick-meta":"","header-main-stick-meta":"","header-below-stick-meta":"","footnotes":""},"categories":[1],"tags":[],"_links":{"self":[{"href":"https:\/\/intranet.lubraquim.com.br\/index.php\/wp-json\/wp\/v2\/posts\/7169"}],"collection":[{"href":"https:\/\/intranet.lubraquim.com.br\/index.php\/wp-json\/wp\/v2\/posts"}],"about":[{"href":"https:\/\/intranet.lubraquim.com.br\/index.php\/wp-json\/wp\/v2\/types\/post"}],"author":[{"embeddable":true,"href":"https:\/\/intranet.lubraquim.com.br\/index.php\/wp-json\/wp\/v2\/users\/6"}],"replies":[{"embeddable":true,"href":"https:\/\/intranet.lubraquim.com.br\/index.php\/wp-json\/wp\/v2\/comments?post=7169"}],"version-history":[{"count":1,"href":"https:\/\/intranet.lubraquim.com.br\/index.php\/wp-json\/wp\/v2\/posts\/7169\/revisions"}],"predecessor-version":[{"id":7172,"href":"https:\/\/intranet.lubraquim.com.br\/index.php\/wp-json\/wp\/v2\/posts\/7169\/revisions\/7172"}],"wp:featuredmedia":[{"embeddable":true,"href":"https:\/\/intranet.lubraquim.com.br\/index.php\/wp-json\/wp\/v2\/media\/7171"}],"wp:attachment":[{"href":"https:\/\/intranet.lubraquim.com.br\/index.php\/wp-json\/wp\/v2\/media?parent=7169"}],"wp:term":[{"taxonomy":"category","embeddable":true,"href":"https:\/\/intranet.lubraquim.com.br\/index.php\/wp-json\/wp\/v2\/categories?post=7169"},{"taxonomy":"post_tag","embeddable":true,"href":"https:\/\/intranet.lubraquim.com.br\/index.php\/wp-json\/wp\/v2\/tags?post=7169"}],"curies":[{"name":"wp","href":"https:\/\/api.w.org\/{rel}","templated":true}]}}