{"id":7156,"date":"2023-10-30T14:58:18","date_gmt":"2023-10-30T17:58:18","guid":{"rendered":"https:\/\/intranet.lubraquim.com.br\/?p=7156"},"modified":"2023-10-30T14:58:20","modified_gmt":"2023-10-30T17:58:20","slug":"dia-de-finados","status":"publish","type":"post","link":"https:\/\/intranet.lubraquim.com.br\/index.php\/2023\/10\/30\/dia-de-finados\/","title":{"rendered":"Dia de Finados"},"content":{"rendered":"\n<p><\/p>\n\n\n\n<p><strong>Informamos a todos que no dia 02\/11\/2023 e 03\/11\/2023 n\u00e3o haver\u00e1 expediente<\/strong><\/p>\n\n\n\n<p>Sendo dia 03\/11\/2023 descontado das pr\u00f3ximas f\u00e9rias e dia 02\/11\/2023 Dia de Finados.<\/p>\n\n\n\n<figure class=\"wp-block-image size-full is-resized\"><img decoding=\"async\" loading=\"lazy\" src=\"https:\/\/intranet.lubraquim.com.br\/wp-content\/uploads\/2023\/10\/capa-blog-magia-das-velas.jpg\" alt=\"\" class=\"wp-image-7159\" style=\"width:450px;height:255px\" width=\"450\" height=\"255\" srcset=\"https:\/\/intranet.lubraquim.com.br\/wp-content\/uploads\/2023\/10\/capa-blog-magia-das-velas.jpg 1024w, https:\/\/intranet.lubraquim.com.br\/wp-content\/uploads\/2023\/10\/capa-blog-magia-das-velas-300x170.jpg 300w, https:\/\/intranet.lubraquim.com.br\/wp-content\/uploads\/2023\/10\/capa-blog-magia-das-velas-768x435.jpg 768w\" sizes=\"(max-width: 450px) 100vw, 450px\" \/><\/figure>\n\n\n\n<p>&#8220;No dia 02 de novembro, na maior parte dos pa\u00edses ocidentais, ocorre um dos mais importantes rituais religiosos da tradi\u00e7\u00e3o crist\u00e3 cat\u00f3lica, isto \u00e9, o Dia de Finados. Essa data tem por objetivo principal relembrar a mem\u00f3ria dos mortos, dos entes queridos que j\u00e1 se foram, bem como (para os cat\u00f3licos) rezar pela alma deles.<\/p>\n\n\n\n<p>De acordo com a doutrina da Igreja Cat\u00f3lica, a alma da maioria dos mortos est\u00e1 no purgat\u00f3rio passando por um processo de purifica\u00e7\u00e3o. Por essa raz\u00e3o, a alma necessita de ora\u00e7\u00f5es dos vivos para que intercedam a Deus pelo sofrimento que as aflige. Nesse contexto, o Dia de Finados era conhecido na Idade M\u00e9dia como \u201cDia de todas as Almas\u201d, dia esse que sucedia o \u201cDia de todos os Santos\u201d (comemorado no dia 1\u00ba de novembro).&#8221;<\/p>\n\n\n\n<p>Desejamos a todos um \u00f3timo feriado!!!!<\/p>\n\n\n\n<p>30\/10\/2023<\/p>\n\n\n\n<p>RECURSOS HUMANOS<\/p>\n","protected":false},"excerpt":{"rendered":"<p>Informamos a todos que no dia 02\/11\/2023 e 03\/11\/2023 n\u00e3o haver\u00e1 expediente Sendo dia 03\/11\/2023 descontado das pr\u00f3ximas f\u00e9rias e dia 02\/11\/2023 Dia de Finados. &#8220;No dia 02 de novembro, &hellip;<\/p>\n<p class=\"read-more\"> <a class=\"\" href=\"https:\/\/intranet.lubraquim.com.br\/index.php\/2023\/10\/30\/dia-de-finados\/\"> <span class=\"screen-reader-text\">Dia de Finados<\/span> Leia mais &raquo;<\/a><\/p>\n","protected":false},"author":6,"featured_media":7158,"comment_status":"open","ping_status":"open","sticky":false,"template":"","format":"standard","meta":{"site-sidebar-layout":"","site-content-layout":"","ast-main-header-display":"","ast-hfb-above-header-display":"","ast-hfb-below-header-display":"","ast-hfb-mobile-header-display":"","site-post-title":"","ast-breadcrumbs-content":"","ast-featured-img":"","footer-sml-layout":"","theme-transparent-header-meta":"","adv-header-id-meta":"","stick-header-meta":"","header-above-stick-meta":"","header-main-stick-meta":"","header-below-stick-meta":"","footnotes":""},"categories":[1],"tags":[],"_links":{"self":[{"href":"https:\/\/intranet.lubraquim.com.br\/index.php\/wp-json\/wp\/v2\/posts\/7156"}],"collection":[{"href":"https:\/\/intranet.lubraquim.com.br\/index.php\/wp-json\/wp\/v2\/posts"}],"about":[{"href":"https:\/\/intranet.lubraquim.com.br\/index.php\/wp-json\/wp\/v2\/types\/post"}],"author":[{"embeddable":true,"href":"https:\/\/intranet.lubraquim.com.br\/index.php\/wp-json\/wp\/v2\/users\/6"}],"replies":[{"embeddable":true,"href":"https:\/\/intranet.lubraquim.com.br\/index.php\/wp-json\/wp\/v2\/comments?post=7156"}],"version-history":[{"count":1,"href":"https:\/\/intranet.lubraquim.com.br\/index.php\/wp-json\/wp\/v2\/posts\/7156\/revisions"}],"predecessor-version":[{"id":7160,"href":"https:\/\/intranet.lubraquim.com.br\/index.php\/wp-json\/wp\/v2\/posts\/7156\/revisions\/7160"}],"wp:featuredmedia":[{"embeddable":true,"href":"https:\/\/intranet.lubraquim.com.br\/index.php\/wp-json\/wp\/v2\/media\/7158"}],"wp:attachment":[{"href":"https:\/\/intranet.lubraquim.com.br\/index.php\/wp-json\/wp\/v2\/media?parent=7156"}],"wp:term":[{"taxonomy":"category","embeddable":true,"href":"https:\/\/intranet.lubraquim.com.br\/index.php\/wp-json\/wp\/v2\/categories?post=7156"},{"taxonomy":"post_tag","embeddable":true,"href":"https:\/\/intranet.lubraquim.com.br\/index.php\/wp-json\/wp\/v2\/tags?post=7156"}],"curies":[{"name":"wp","href":"https:\/\/api.w.org\/{rel}","templated":true}]}}