{"id":6947,"date":"2023-05-29T10:04:30","date_gmt":"2023-05-29T13:04:30","guid":{"rendered":"http:\/\/intranet.lubraquim.com.br\/?p=6947"},"modified":"2023-06-23T09:19:33","modified_gmt":"2023-06-23T12:19:33","slug":"edital-de-convocacao-de-eleicao-da-cipa-2023-2024","status":"publish","type":"post","link":"https:\/\/intranet.lubraquim.com.br\/index.php\/2023\/05\/29\/edital-de-convocacao-de-eleicao-da-cipa-2023-2024\/","title":{"rendered":"EDITAL DE CONVOCA\u00c7\u00c3O  E RESULTADO DE ELEI\u00c7\u00c3O DA CIPA 2023\/ 2024"},"content":{"rendered":"\n<p><\/p>\n\n\n\n<p><\/p>\n\n\n\n<figure class=\"wp-block-image size-large is-resized\"><img decoding=\"async\" loading=\"lazy\" src=\"http:\/\/intranet.lubraquim.com.br\/wp-content\/uploads\/2023\/05\/Capa_Intranet_Cipa_2023-504955_1028-648-0-0.jpg\" alt=\"\" class=\"wp-image-6948\" width=\"487\" height=\"305\" srcset=\"https:\/\/intranet.lubraquim.com.br\/wp-content\/uploads\/2023\/05\/Capa_Intranet_Cipa_2023-504955_1028-648-0-0.jpg 871w, https:\/\/intranet.lubraquim.com.br\/wp-content\/uploads\/2023\/05\/Capa_Intranet_Cipa_2023-504955_1028-648-0-0-300x188.jpg 300w, https:\/\/intranet.lubraquim.com.br\/wp-content\/uploads\/2023\/05\/Capa_Intranet_Cipa_2023-504955_1028-648-0-0-768x481.jpg 768w\" sizes=\"(max-width: 487px) 100vw, 487px\" \/><\/figure>\n\n\n\n<p><strong>Resultado Elei\u00e7\u00e3o Cipa 2023\/2024<\/strong><\/p>\n\n\n\n<p>Indicados dos empregados:<\/p>\n\n\n\n<ul><li><strong>Adriano Sendon Garrido &#8211; 22 votos<\/strong><\/li><li><strong>Jos\u00e9 da Silva Araujo &#8211; 14 votos<\/strong><\/li><li><strong>Fabiano Rodrigues &#8211; 02 votos<\/strong><\/li><\/ul>\n\n\n\n<p>Sendo assim, o resultado:<\/p>\n\n\n\n<p><strong>Titular <\/strong>&#8211; Adriano Sendon Garrido &#8211; 1. lugar<\/p>\n\n\n\n<p><strong>Suplente<\/strong>: Jos\u00e9 da Silva Araujo &#8211; 2. lugar<\/p>\n\n\n\n<p>&#8212;&#8212;&#8212;&#8212;&#8212;&#8212;&#8212;&#8212;&#8212;&#8212;&#8212;&#8212;&#8212;&#8212;&#8212;&#8212;&#8212;&#8212;&#8212;&#8212;&#8212;&#8212;&#8212;&#8212;&#8212;&#8212;&#8212;&#8212;&#8212;&#8212;&#8212;&#8212;&#8212;&#8212;&#8212;&#8212;&#8212;&#8212;&#8212;&#8212;&#8212;&#8212;&#8212;&#8212;&#8212;&#8212;&#8212;&#8212;&#8212;&#8212;&#8212;&#8212;&#8212;&#8212;&#8212;&#8212;&#8212;<\/p>\n\n\n\n<p>Tendo em vista o disposto n a cl\u00e1usulas da vigente conven\u00e7\u00e3o coletiva de trabalho da categoria e as regulamenta\u00e7\u00f5es  do Minist\u00e9rio do Trabalho   (NR.5) a <strong>Lubraquim Ind. E Com. De Lubrificantes Ltda<\/strong>., <strong>CNPJ<\/strong>: 07.408.046\/0004-36, <strong>CNAE: <\/strong> 19.22-5, localizada \u00e0 Rua Oswaldo Monteiro, 400 &#8211; munic\u00edpio de Ribeir\u00e3o Pires\/SP, comunica a todos que no dia <strong>19\/06\/2023<\/strong>, ser\u00e1 realizada a <strong>Elei\u00e7\u00e3o da CIPA <\/strong>( Comiss\u00e3o Interna de Preven\u00e7\u00e3o de Acidente) para a <strong>gest\u00e3o de 2023\/2024, <\/strong>ocasi\u00e3o em que os empregados escolher\u00e3o seus representantes.<\/p>\n\n\n\n<p>Os funcion\u00e1rios interessados em candidatar-se dever\u00e3o faz\u00ea-lo no <strong>per\u00edodo de 29\/05\/2023 \u00e0 12\/06\/2023, <\/strong>no setor de RH com a Sra Karen <strong>no hor\u00e1rio das 08h00 \u00e0s 16h00min, <\/strong>onde receber\u00e3o o recibo de inscri\u00e7\u00e3o.<\/p>\n\n\n\n<p>Qualquer empregado da Lubraquim <strong>efetivo <\/strong>poder\u00e1 se candidatar, independente da situa\u00e7\u00e3o  de seus respectivos contratos de trabalho.<\/p>\n\n\n\n<p><strong>Ribeir\u00e3o Pires, 26 de maio de 2023.<\/strong><\/p>\n\n\n\n<p><strong>Recursos Humanos <\/strong><\/p>\n","protected":false},"excerpt":{"rendered":"<p>Resultado Elei\u00e7\u00e3o Cipa 2023\/2024 Indicados dos empregados: Adriano Sendon Garrido &#8211; 22 votos Jos\u00e9 da Silva Araujo &#8211; 14 votos Fabiano Rodrigues &#8211; 02 votos Sendo assim, o resultado: Titular &hellip;<\/p>\n<p class=\"read-more\"> <a class=\"\" href=\"https:\/\/intranet.lubraquim.com.br\/index.php\/2023\/05\/29\/edital-de-convocacao-de-eleicao-da-cipa-2023-2024\/\"> <span class=\"screen-reader-text\">EDITAL DE CONVOCA\u00c7\u00c3O  E RESULTADO DE ELEI\u00c7\u00c3O DA CIPA 2023\/ 2024<\/span> Leia mais &raquo;<\/a><\/p>\n","protected":false},"author":6,"featured_media":6952,"comment_status":"open","ping_status":"open","sticky":false,"template":"","format":"standard","meta":{"site-sidebar-layout":"","site-content-layout":"","ast-main-header-display":"","ast-hfb-above-header-display":"","ast-hfb-below-header-display":"","ast-hfb-mobile-header-display":"","site-post-title":"","ast-breadcrumbs-content":"","ast-featured-img":"","footer-sml-layout":"","theme-transparent-header-meta":"","adv-header-id-meta":"","stick-header-meta":"","header-above-stick-meta":"","header-main-stick-meta":"","header-below-stick-meta":"","footnotes":""},"categories":[1],"tags":[],"_links":{"self":[{"href":"https:\/\/intranet.lubraquim.com.br\/index.php\/wp-json\/wp\/v2\/posts\/6947"}],"collection":[{"href":"https:\/\/intranet.lubraquim.com.br\/index.php\/wp-json\/wp\/v2\/posts"}],"about":[{"href":"https:\/\/intranet.lubraquim.com.br\/index.php\/wp-json\/wp\/v2\/types\/post"}],"author":[{"embeddable":true,"href":"https:\/\/intranet.lubraquim.com.br\/index.php\/wp-json\/wp\/v2\/users\/6"}],"replies":[{"embeddable":true,"href":"https:\/\/intranet.lubraquim.com.br\/index.php\/wp-json\/wp\/v2\/comments?post=6947"}],"version-history":[{"count":4,"href":"https:\/\/intranet.lubraquim.com.br\/index.php\/wp-json\/wp\/v2\/posts\/6947\/revisions"}],"predecessor-version":[{"id":7027,"href":"https:\/\/intranet.lubraquim.com.br\/index.php\/wp-json\/wp\/v2\/posts\/6947\/revisions\/7027"}],"wp:featuredmedia":[{"embeddable":true,"href":"https:\/\/intranet.lubraquim.com.br\/index.php\/wp-json\/wp\/v2\/media\/6952"}],"wp:attachment":[{"href":"https:\/\/intranet.lubraquim.com.br\/index.php\/wp-json\/wp\/v2\/media?parent=6947"}],"wp:term":[{"taxonomy":"category","embeddable":true,"href":"https:\/\/intranet.lubraquim.com.br\/index.php\/wp-json\/wp\/v2\/categories?post=6947"},{"taxonomy":"post_tag","embeddable":true,"href":"https:\/\/intranet.lubraquim.com.br\/index.php\/wp-json\/wp\/v2\/tags?post=6947"}],"curies":[{"name":"wp","href":"https:\/\/api.w.org\/{rel}","templated":true}]}}