{"id":6914,"date":"2023-04-27T14:34:05","date_gmt":"2023-04-27T17:34:05","guid":{"rendered":"http:\/\/intranet.lubraquim.com.br\/?p=6914"},"modified":"2023-04-27T14:37:07","modified_gmt":"2023-04-27T17:37:07","slug":"1o-de-maio-dia-do-trabalhador","status":"publish","type":"post","link":"https:\/\/intranet.lubraquim.com.br\/index.php\/2023\/04\/27\/1o-de-maio-dia-do-trabalhador\/","title":{"rendered":"1\u00ba de Maio \u2013 Dia do Trabalhador"},"content":{"rendered":"\n<p>Comemorado no dia 1\u00ba de maio, o Dia do Trabalho ou Dia do Trabalhador \u00e9 uma data para celebrar as conquistas dos trabalhadores ao longo da hist\u00f3ria.<\/p>\n\n\n\n<p class=\"has-ast-global-color-8-color has-text-color\">O primeiro dia do m\u00eas de maio \u00e9 considerado feriado em alguns dos pa\u00edses do mundo. A data surgiu em 1886, quando trabalhadores americanos fizeram uma paralisa\u00e7\u00e3o no dia primeiro de maio para reivindicar melhores condi\u00e7\u00f5es de trabalho. O movimento se espalhou pelo mundo e, no ano seguinte, trabalhadores de pa\u00edses europeus tamb\u00e9m decidiram parar por protesto. Em 1889, oper\u00e1rios que estavam reunidos em Paris (Fran\u00e7a) decidiram que a data se tornaria uma homenagem aos trabalhadores que haviam feito greve tr\u00eas anos antes.<\/p>\n\n\n\n<figure class=\"wp-block-image size-large is-resized\"><img decoding=\"async\" loading=\"lazy\" src=\"http:\/\/intranet.lubraquim.com.br\/wp-content\/uploads\/2023\/04\/1367247998primeiromaio_rio-1.jpg\" alt=\"\" class=\"wp-image-6917\" width=\"568\" height=\"398\" srcset=\"https:\/\/intranet.lubraquim.com.br\/wp-content\/uploads\/2023\/04\/1367247998primeiromaio_rio-1.jpg 664w, https:\/\/intranet.lubraquim.com.br\/wp-content\/uploads\/2023\/04\/1367247998primeiromaio_rio-1-300x210.jpg 300w\" sizes=\"(max-width: 568px) 100vw, 568px\" \/><figcaption>Manifesta\u00e7\u00e3o oper\u00e1ria em 1\u00ba de Maio de 1919 no Rio de Janeiro. Reproduzida da Revista da Semana, 10 de maio de 1919.<\/figcaption><\/figure>\n\n\n\n<p class=\"has-ast-global-color-8-color has-text-color\"><strong>O Dia do Trabalhador no Brasil<\/strong><\/p>\n\n\n\n<p class=\"has-ast-global-color-8-color has-text-color\">No Brasil, o feriado come\u00e7ou por conta da influ\u00eancia de imigrantes europeus, que a partir de 1917 resolveram parar o trabalho para reivindicar direitos. Em 1924, o ent\u00e3o presidente Artur Bernardes decretou feriado oficial.<\/p>\n\n\n\n<p class=\"has-ast-global-color-8-color has-text-color\">Al\u00e9m de ser um dia de descanso, o 1\u00ba de maio \u00e9 uma data com a\u00e7\u00f5es voltadas para os trabalhadores. N\u00e3o por acaso, a Consolida\u00e7\u00e3o das Leis do Trabalho (CLT) foi anunciada no dia 1\u00ba de maio de 1943, pelo ent\u00e3o presidente Get\u00falio Vargas. Por muito tempo, o reajuste anual do sal\u00e1rio m\u00ednimo tamb\u00e9m acontecia no Dia do Trabalhador.<\/p>\n\n\n\n<p class=\"has-ast-global-color-8-color has-text-color\">Al\u00e9m do Brasil, cerca de oitenta pa\u00edses consideram o Dia Internacional do Trabalhador um dia de folga, entre eles Portugal, R\u00fassia, Espanha, Fran\u00e7a e Jap\u00e3o. Os Estados Unidos, onde ocorreu a mobiliza\u00e7\u00e3o que deu origem \u00e0 data, n\u00e3o reconhecem este dia como feriado.<\/p>\n\n\n\n<p class=\"has-ast-global-color-8-color has-text-color\">A data foi estabelecida em 1889 pela Segunda Internacional Socialista, um congresso realizado em Paris que reuniu os principais partidos socialistas e sindicatos de toda Europa.<\/p>\n\n\n\n<p class=\"has-ast-global-color-8-color has-text-color\">Ao escolher 1\u00ba de maio como Dia do Trabalho, os participantes desse encontro prestaram uma homenagem aos oper\u00e1rios e a uma greve ocorrida na cidade de Chicago (EUA) no ano de 1886. A data foi marcada pela reuni\u00e3o de milhares de trabalhadores que reivindicavam a redu\u00e7\u00e3o da jornada de trabalho de 13 para 8 horas di\u00e1rias.<\/p>\n\n\n\n<p class=\"has-ast-global-color-8-color has-text-color\">No Brasil, a data foi consolidada em 1924. Al\u00e9m disso, a partir do governo de Get\u00falio Vargas, as principais medidas de benef\u00edcio ao trabalhador passaram a ser anunciadas nessa data. Atualmente, in\u00fameros pa\u00edses adotam o dia 1\u00b0 de maio como o Dia do Trabalho, sendo considerado feriado em muitos deles.<\/p>\n\n\n\n<p><strong>Desejamos a todos um \u00f3timo feriado!!!!<\/strong><\/p>\n\n\n\n<p><strong>27\/04\/2023<\/strong><\/p>\n\n\n\n<p><strong>Recursos Humanos <\/strong><\/p>\n\n\n\n<p><\/p>\n","protected":false},"excerpt":{"rendered":"<p>Comemorado no dia 1\u00ba de maio, o Dia do Trabalho ou Dia do Trabalhador \u00e9 uma data para celebrar as conquistas dos trabalhadores ao longo da hist\u00f3ria. O primeiro dia &hellip;<\/p>\n<p class=\"read-more\"> <a class=\"\" href=\"https:\/\/intranet.lubraquim.com.br\/index.php\/2023\/04\/27\/1o-de-maio-dia-do-trabalhador\/\"> <span class=\"screen-reader-text\">1\u00ba de Maio \u2013 Dia do Trabalhador<\/span> Leia mais &raquo;<\/a><\/p>\n","protected":false},"author":6,"featured_media":6915,"comment_status":"open","ping_status":"open","sticky":false,"template":"","format":"standard","meta":{"site-sidebar-layout":"","site-content-layout":"","ast-main-header-display":"","ast-hfb-above-header-display":"","ast-hfb-below-header-display":"","ast-hfb-mobile-header-display":"","site-post-title":"","ast-breadcrumbs-content":"","ast-featured-img":"","footer-sml-layout":"","theme-transparent-header-meta":"","adv-header-id-meta":"","stick-header-meta":"","header-above-stick-meta":"","header-main-stick-meta":"","header-below-stick-meta":"","footnotes":""},"categories":[1],"tags":[],"_links":{"self":[{"href":"https:\/\/intranet.lubraquim.com.br\/index.php\/wp-json\/wp\/v2\/posts\/6914"}],"collection":[{"href":"https:\/\/intranet.lubraquim.com.br\/index.php\/wp-json\/wp\/v2\/posts"}],"about":[{"href":"https:\/\/intranet.lubraquim.com.br\/index.php\/wp-json\/wp\/v2\/types\/post"}],"author":[{"embeddable":true,"href":"https:\/\/intranet.lubraquim.com.br\/index.php\/wp-json\/wp\/v2\/users\/6"}],"replies":[{"embeddable":true,"href":"https:\/\/intranet.lubraquim.com.br\/index.php\/wp-json\/wp\/v2\/comments?post=6914"}],"version-history":[{"count":2,"href":"https:\/\/intranet.lubraquim.com.br\/index.php\/wp-json\/wp\/v2\/posts\/6914\/revisions"}],"predecessor-version":[{"id":6919,"href":"https:\/\/intranet.lubraquim.com.br\/index.php\/wp-json\/wp\/v2\/posts\/6914\/revisions\/6919"}],"wp:featuredmedia":[{"embeddable":true,"href":"https:\/\/intranet.lubraquim.com.br\/index.php\/wp-json\/wp\/v2\/media\/6915"}],"wp:attachment":[{"href":"https:\/\/intranet.lubraquim.com.br\/index.php\/wp-json\/wp\/v2\/media?parent=6914"}],"wp:term":[{"taxonomy":"category","embeddable":true,"href":"https:\/\/intranet.lubraquim.com.br\/index.php\/wp-json\/wp\/v2\/categories?post=6914"},{"taxonomy":"post_tag","embeddable":true,"href":"https:\/\/intranet.lubraquim.com.br\/index.php\/wp-json\/wp\/v2\/tags?post=6914"}],"curies":[{"name":"wp","href":"https:\/\/api.w.org\/{rel}","templated":true}]}}