{"id":6904,"date":"2023-04-11T15:10:43","date_gmt":"2023-04-11T18:10:43","guid":{"rendered":"http:\/\/intranet.lubraquim.com.br\/?p=6904"},"modified":"2023-04-11T15:12:49","modified_gmt":"2023-04-11T18:12:49","slug":"21-de-abril-dia-de-tiradentes","status":"publish","type":"post","link":"https:\/\/intranet.lubraquim.com.br\/index.php\/2023\/04\/11\/21-de-abril-dia-de-tiradentes\/","title":{"rendered":"21 de abril \u2014 Dia de Tiradentes"},"content":{"rendered":"\n<p class=\"has-ast-global-color-8-color has-text-color\"><strong>21 de abril \u00e9 conhecido em nosso pa\u00eds como o Dia de Tiradentes. Essa data \u00e9 considerada feriado nacional e foi criada para homenagear o inconfidente Tiradentes.<\/strong><\/p>\n\n\n\n<figure class=\"wp-block-image size-large is-resized\"><img decoding=\"async\" loading=\"lazy\" src=\"http:\/\/intranet.lubraquim.com.br\/wp-content\/uploads\/2023\/04\/images-1.jpg\" alt=\"\" class=\"wp-image-6906\" width=\"304\" height=\"211\"\/><\/figure>\n\n\n\n<p class=\"has-ast-global-color-8-color has-text-color\">No dia 21 de abril, \u00e9 celebrado no Brasil o Dia de Tiradentes. O militar e dentista amador foi um dos importantes nomes da&nbsp;<a href=\"https:\/\/mundoeducacao.uol.com.br\/historiadobrasil\/a-inconfidencia-mineira.htm\">Inconfid\u00eancia Mineira<\/a>. Sua participa\u00e7\u00e3o nesse movimento resultou em sua pris\u00e3o e morte. No dia&nbsp;<strong>21 de abril de 1792, Tiradentes foi enforcado<\/strong>&nbsp;e teve seu corpo esquartejado por ordem da Coroa portuguesa. Alguns anos mais tarde, ele foi reconhecido&nbsp;<strong>como um s\u00edmbolo de luta pela liberdade<\/strong>,e a data da sua morte passou a servir como homenagem a ele.<\/p>\n\n\n\n<p><\/p>\n\n\n\n<p class=\"has-ast-global-color-8-color has-text-color\">11\/04\/2023<\/p>\n\n\n\n<p class=\"has-ast-global-color-8-color has-text-color\">Recursos Humanos <\/p>\n","protected":false},"excerpt":{"rendered":"<p>21 de abril \u00e9 conhecido em nosso pa\u00eds como o Dia de Tiradentes. Essa data \u00e9 considerada feriado nacional e foi criada para homenagear o inconfidente Tiradentes. No dia 21 &hellip;<\/p>\n<p class=\"read-more\"> <a class=\"\" href=\"https:\/\/intranet.lubraquim.com.br\/index.php\/2023\/04\/11\/21-de-abril-dia-de-tiradentes\/\"> <span class=\"screen-reader-text\">21 de abril \u2014 Dia de Tiradentes<\/span> Leia mais &raquo;<\/a><\/p>\n","protected":false},"author":6,"featured_media":6909,"comment_status":"open","ping_status":"open","sticky":false,"template":"","format":"standard","meta":{"site-sidebar-layout":"","site-content-layout":"","ast-main-header-display":"","ast-hfb-above-header-display":"","ast-hfb-below-header-display":"","ast-hfb-mobile-header-display":"","site-post-title":"","ast-breadcrumbs-content":"","ast-featured-img":"","footer-sml-layout":"","theme-transparent-header-meta":"","adv-header-id-meta":"","stick-header-meta":"","header-above-stick-meta":"","header-main-stick-meta":"","header-below-stick-meta":"","footnotes":""},"categories":[1],"tags":[],"_links":{"self":[{"href":"https:\/\/intranet.lubraquim.com.br\/index.php\/wp-json\/wp\/v2\/posts\/6904"}],"collection":[{"href":"https:\/\/intranet.lubraquim.com.br\/index.php\/wp-json\/wp\/v2\/posts"}],"about":[{"href":"https:\/\/intranet.lubraquim.com.br\/index.php\/wp-json\/wp\/v2\/types\/post"}],"author":[{"embeddable":true,"href":"https:\/\/intranet.lubraquim.com.br\/index.php\/wp-json\/wp\/v2\/users\/6"}],"replies":[{"embeddable":true,"href":"https:\/\/intranet.lubraquim.com.br\/index.php\/wp-json\/wp\/v2\/comments?post=6904"}],"version-history":[{"count":2,"href":"https:\/\/intranet.lubraquim.com.br\/index.php\/wp-json\/wp\/v2\/posts\/6904\/revisions"}],"predecessor-version":[{"id":6910,"href":"https:\/\/intranet.lubraquim.com.br\/index.php\/wp-json\/wp\/v2\/posts\/6904\/revisions\/6910"}],"wp:featuredmedia":[{"embeddable":true,"href":"https:\/\/intranet.lubraquim.com.br\/index.php\/wp-json\/wp\/v2\/media\/6909"}],"wp:attachment":[{"href":"https:\/\/intranet.lubraquim.com.br\/index.php\/wp-json\/wp\/v2\/media?parent=6904"}],"wp:term":[{"taxonomy":"category","embeddable":true,"href":"https:\/\/intranet.lubraquim.com.br\/index.php\/wp-json\/wp\/v2\/categories?post=6904"},{"taxonomy":"post_tag","embeddable":true,"href":"https:\/\/intranet.lubraquim.com.br\/index.php\/wp-json\/wp\/v2\/tags?post=6904"}],"curies":[{"name":"wp","href":"https:\/\/api.w.org\/{rel}","templated":true}]}}