{"id":6777,"date":"2023-03-10T11:53:00","date_gmt":"2023-03-10T14:53:00","guid":{"rendered":"http:\/\/intranet.lubraquim.com.br\/?p=6777"},"modified":"2023-03-13T10:11:13","modified_gmt":"2023-03-13T13:11:13","slug":"aniversario-de-ribeirao-pires","status":"publish","type":"post","link":"https:\/\/intranet.lubraquim.com.br\/index.php\/2023\/03\/10\/aniversario-de-ribeirao-pires\/","title":{"rendered":"Anivers\u00e1rio de Ribeir\u00e3o Pires 19 de Mar\u00e7o."},"content":{"rendered":"\n<p>Conhe\u00e7a um pouquinho mais sobre a cidade em que trabalhamos!!!!<\/p>\n\n\n\n<p>Localizada a 40km de S\u00e3o Paulo, tem suas \u00e1guas e territ\u00f3rios protegidos pela Lei de Mananciais, o que propicia a conviv\u00eancia harmoniosa de sua vida urbana com a exuberante Mata Atl\u00e2ntica. Atrativos como pesqueiros, ch\u00e1caras, mirantes, parques, igrejas, feira de artesanatos e os mais diversos eventos que ocorrem durante todo o ano fazem de Ribeir\u00e3o Pires uma excelente op\u00e7\u00e3o para pessoas de todas as idades. <\/p>\n\n\n\n<p>Ribeir\u00e3o Pires uma excelente op\u00e7\u00e3o para pessoas de todas as idades<\/p>\n\n\n\n<figure class=\"wp-block-table\"><table><tbody><tr><td>Popula\u00e7\u00e3o<\/td><td>113.068 habitantes (Censo 2010, IBGE)<\/td><\/tr><tr><td>Estimativa populacional em 2019<\/td><td>123.393 habitantes (IBGE)<\/td><\/tr><tr><td>\u00c1rea Territorial<\/td><td>99,075 Km\u00b2 (IBGE, 2017)<\/td><\/tr><tr><td>Altitude<\/td><td>800 metros<\/td><\/tr><tr><td>Densidade Demogr\u00e1fica<\/td><td>1.140,73hab.\/Km\u00b2 (IBGE)<\/td><\/tr><tr><td>Crescimento anual da popula\u00e7\u00e3o<\/td><td>M\u00e9dia de 2 mil habitantes\/ano (IBGE)<\/td><\/tr><tr><td>\u00cdndice de Desenvolvimento Humano Municipal (IDHM)<\/td><td>0,784 (IBGE, 2010)<\/td><\/tr><tr><td>PIB municipal per capta<\/td><td>R$ 21,7 mil (IBGE)<\/td><\/tr><tr><td>Anivers\u00e1rio<\/td><td>19 de mar\u00e7o<\/td><\/tr><tr><td>Funda\u00e7\u00e3o<\/td><td>1953<\/td><\/tr><tr><td>Gent\u00edlico<\/td><td>Ribeir\u00e3o-pirense<\/td><\/tr><tr><td>Santo Padroeiro<\/td><td>S\u00e3o Jos\u00e9<\/td><\/tr><tr><td>Clima<\/td><td>Subtropical<\/td><\/tr><tr><td>Abastecimento de \u00e1gua<\/td><td>98%<\/td><\/tr><tr><td>Rede de esgoto<\/td><td>75%<\/td><\/tr><tr><td>Coleta de lixo<\/td><td>100%<\/td><\/tr><tr><td>Hospitais<\/td><td>2<\/td><\/tr><tr><td>Unidades B\u00e1sicas de Sa\u00fade<\/td><td>10<\/td><\/tr><tr><td>Escolas Municipais<\/td><td>33<\/td><\/tr><tr><td>Escolas Estaduais<\/td><td>30<\/td><\/tr><tr><td>Ensino Superior<\/td><td>2 universidades<\/td><\/tr><tr><td>Escola de Idiomas<\/td><td>18<\/td><\/tr><tr><td>Ag\u00eancias Banc\u00e1rias<\/td><td>10<\/td><\/tr><tr><td>Im\u00f3veis residenciais<\/td><td>26.441<\/td><\/tr><tr><td>Im\u00f3veis comerciais<\/td><td>2.147<\/td><\/tr><tr><td>Im\u00f3veis industriais<\/td><td>478<\/td><\/tr><\/tbody><\/table><\/figure>\n\n\n\n<p><strong>Est\u00e2ncia Tur\u00edstica<\/strong>:<\/p>\n\n\n\n<p>A conquista do t\u00edtulo de Est\u00e2ncia Tur\u00edstica (1998) representou uma batalha \u00e1rdua \u2013 desde 1959 -, quando n\u00e3o uma possibilidade remota. O encadeamento de esfor\u00e7os, na esfera da legisla\u00e7\u00e3o estadual e dos investimentos infraestruturais no munic\u00edpio, foi preponderante para a sua realiza\u00e7\u00e3o. Contudo, para que este projeto se tornasse realiz\u00e1vel, a cidade experimentaria um percurso de quatro d\u00e9cadas de espera e in\u00fameras proposituras fracassadas. Ap\u00f3s alcan\u00e7ar o t\u00edtulo de Munic\u00edpio de Interesse Tur\u00edstico (MIT), em 1986, foi somente em dezembro de 1998, ap\u00f3s oito proposituras, que a cidade constituiu como Est\u00e2ncia Tur\u00edstica, evento este oficializado pela Lei Estadual 10.130, sancionada pelo governador M\u00e1rio Covas a partir do Projeto de Lei 770\/96, do deputado estadual Luiz Carlos da Silva. Com a Lei Complementar n.\u00ba 1.261\/2015, a Prefeitura anunciou em 30 de agosto de 2017, o in\u00edcio da elabora\u00e7\u00e3o do Plano Diretor de Turismo, realizado sob supervis\u00e3o t\u00e9cnica do SENAC (Servi\u00e7o Nacional do Com\u00e9rcio), com entrega prevista para mar\u00e7o de 2018. O Plano Diretor de Turismo \u00e9 uma exig\u00eancia prevista no art. 2\u00ba, item VI, da mencionada lei complementar.<\/p>\n\n\n\n<p>13\/03\/2023<\/p>\n\n\n\n<p>Recursos Humanos <\/p>\n","protected":false},"excerpt":{"rendered":"<p>Conhe\u00e7a um pouquinho mais sobre a cidade em que trabalhamos!!!! Localizada a 40km de S\u00e3o Paulo, tem suas \u00e1guas e territ\u00f3rios protegidos pela Lei de Mananciais, o que propicia a &hellip;<\/p>\n<p class=\"read-more\"> <a class=\"\" href=\"https:\/\/intranet.lubraquim.com.br\/index.php\/2023\/03\/10\/aniversario-de-ribeirao-pires\/\"> <span class=\"screen-reader-text\">Anivers\u00e1rio de Ribeir\u00e3o Pires 19 de Mar\u00e7o.<\/span> Leia mais &raquo;<\/a><\/p>\n","protected":false},"author":6,"featured_media":6877,"comment_status":"open","ping_status":"open","sticky":false,"template":"","format":"standard","meta":{"site-sidebar-layout":"","site-content-layout":"","ast-main-header-display":"","ast-hfb-above-header-display":"","ast-hfb-below-header-display":"","ast-hfb-mobile-header-display":"","site-post-title":"","ast-breadcrumbs-content":"","ast-featured-img":"","footer-sml-layout":"","theme-transparent-header-meta":"","adv-header-id-meta":"","stick-header-meta":"","header-above-stick-meta":"","header-main-stick-meta":"","header-below-stick-meta":"","footnotes":""},"categories":[1],"tags":[],"_links":{"self":[{"href":"https:\/\/intranet.lubraquim.com.br\/index.php\/wp-json\/wp\/v2\/posts\/6777"}],"collection":[{"href":"https:\/\/intranet.lubraquim.com.br\/index.php\/wp-json\/wp\/v2\/posts"}],"about":[{"href":"https:\/\/intranet.lubraquim.com.br\/index.php\/wp-json\/wp\/v2\/types\/post"}],"author":[{"embeddable":true,"href":"https:\/\/intranet.lubraquim.com.br\/index.php\/wp-json\/wp\/v2\/users\/6"}],"replies":[{"embeddable":true,"href":"https:\/\/intranet.lubraquim.com.br\/index.php\/wp-json\/wp\/v2\/comments?post=6777"}],"version-history":[{"count":3,"href":"https:\/\/intranet.lubraquim.com.br\/index.php\/wp-json\/wp\/v2\/posts\/6777\/revisions"}],"predecessor-version":[{"id":6878,"href":"https:\/\/intranet.lubraquim.com.br\/index.php\/wp-json\/wp\/v2\/posts\/6777\/revisions\/6878"}],"wp:featuredmedia":[{"embeddable":true,"href":"https:\/\/intranet.lubraquim.com.br\/index.php\/wp-json\/wp\/v2\/media\/6877"}],"wp:attachment":[{"href":"https:\/\/intranet.lubraquim.com.br\/index.php\/wp-json\/wp\/v2\/media?parent=6777"}],"wp:term":[{"taxonomy":"category","embeddable":true,"href":"https:\/\/intranet.lubraquim.com.br\/index.php\/wp-json\/wp\/v2\/categories?post=6777"},{"taxonomy":"post_tag","embeddable":true,"href":"https:\/\/intranet.lubraquim.com.br\/index.php\/wp-json\/wp\/v2\/tags?post=6777"}],"curies":[{"name":"wp","href":"https:\/\/api.w.org\/{rel}","templated":true}]}}