{"id":6736,"date":"2022-12-06T16:12:18","date_gmt":"2022-12-06T19:12:18","guid":{"rendered":"http:\/\/intranet.lubraquim.com.br\/?p=6736"},"modified":"2022-12-06T16:13:57","modified_gmt":"2022-12-06T19:13:57","slug":"doacoes-de-brinquedos-novos-e-usados","status":"publish","type":"post","link":"https:\/\/intranet.lubraquim.com.br\/index.php\/2022\/12\/06\/doacoes-de-brinquedos-novos-e-usados\/","title":{"rendered":"\u201cDoa\u00e7\u00f5es de brinquedos novos e usados\u201d"},"content":{"rendered":"\n<figure class=\"wp-block-image size-large is-resized\"><img decoding=\"async\" loading=\"lazy\" src=\"http:\/\/intranet.lubraquim.com.br\/wp-content\/uploads\/2022\/12\/carente-640x430-002.jpg\" alt=\"\" class=\"wp-image-6737\" width=\"311\" height=\"209\" srcset=\"https:\/\/intranet.lubraquim.com.br\/wp-content\/uploads\/2022\/12\/carente-640x430-002.jpg 640w, https:\/\/intranet.lubraquim.com.br\/wp-content\/uploads\/2022\/12\/carente-640x430-002-300x202.jpg 300w\" sizes=\"(max-width: 311px) 100vw, 311px\" \/><\/figure>\n\n\n\n<p class=\"has-ast-global-color-8-color has-text-color\">Desde 1998 o Grupo A.G.A.R.P.I &#8211; R\u00e1dio PX Faixa do Cidad\u00e3o de Ribeir\u00e3o Pires realiza campanhas de arrecada\u00e7\u00e3o de roupas e brinquedos novos e<br>usados para enviar as pessoas menos favorecidas.<br>E esse ano a Lubraquim est\u00e1 fazendo parte do projeto e contamos com sua<br>ajuda: seja solid\u00e1rio, procure em casa aquele brinquedo em bom estado<br>que seu filho, sobrinho, neto ou vizinho n\u00e3o brinca mais ou at\u00e9 mesmo<br>compre um novo e traga aqui no nosso posto de arrecada\u00e7\u00e3o.<br>Saiba que o pouco pra voc\u00ea \u00e9 muito pra outros\u2026<br>Tenha certeza Deus o recompensar\u00e1 grandemente!!!!!<br><strong>\u201cN\u00e3o deixe que as outras pessoas lhe tirem o foco do que \u00e9 real. S\u00f3 voc\u00ea sabe o que \u00e9 melhor para voc\u00ea\u201d.<\/strong><\/p>\n\n\n\n<figure class=\"wp-block-gallery columns-2 is-cropped wp-block-gallery-1 is-layout-flex wp-block-gallery-is-layout-flex\"><ul class=\"blocks-gallery-grid\"><li class=\"blocks-gallery-item\"><figure><img decoding=\"async\" loading=\"lazy\" width=\"1024\" height=\"768\" src=\"http:\/\/intranet.lubraquim.com.br\/wp-content\/uploads\/2022\/12\/2-1024x768.jpeg\" alt=\"\" data-id=\"6740\" data-full-url=\"http:\/\/intranet.lubraquim.com.br\/wp-content\/uploads\/2022\/12\/2.jpeg\" data-link=\"http:\/\/intranet.lubraquim.com.br\/?attachment_id=6740\" class=\"wp-image-6740\" srcset=\"https:\/\/intranet.lubraquim.com.br\/wp-content\/uploads\/2022\/12\/2-1024x768.jpeg 1024w, https:\/\/intranet.lubraquim.com.br\/wp-content\/uploads\/2022\/12\/2-300x225.jpeg 300w, https:\/\/intranet.lubraquim.com.br\/wp-content\/uploads\/2022\/12\/2-768x576.jpeg 768w, https:\/\/intranet.lubraquim.com.br\/wp-content\/uploads\/2022\/12\/2-1536x1152.jpeg 1536w, https:\/\/intranet.lubraquim.com.br\/wp-content\/uploads\/2022\/12\/2.jpeg 1600w\" sizes=\"(max-width: 1024px) 100vw, 1024px\" \/><\/figure><\/li><li class=\"blocks-gallery-item\"><figure><img decoding=\"async\" loading=\"lazy\" width=\"620\" height=\"1024\" src=\"http:\/\/intranet.lubraquim.com.br\/wp-content\/uploads\/2022\/12\/1-1-620x1024.jpeg\" alt=\"\" data-id=\"6741\" data-full-url=\"http:\/\/intranet.lubraquim.com.br\/wp-content\/uploads\/2022\/12\/1-1.jpeg\" data-link=\"http:\/\/intranet.lubraquim.com.br\/?attachment_id=6741\" class=\"wp-image-6741\" srcset=\"https:\/\/intranet.lubraquim.com.br\/wp-content\/uploads\/2022\/12\/1-1-620x1024.jpeg 620w, https:\/\/intranet.lubraquim.com.br\/wp-content\/uploads\/2022\/12\/1-1-182x300.jpeg 182w, https:\/\/intranet.lubraquim.com.br\/wp-content\/uploads\/2022\/12\/1-1.jpeg 720w\" sizes=\"(max-width: 620px) 100vw, 620px\" \/><\/figure><\/li><\/ul><\/figure>\n\n\n\n<p>Recursos Humanos <\/p>\n\n\n\n<p>06\/12\/2022<\/p>\n","protected":false},"excerpt":{"rendered":"<p>Desde 1998 o Grupo A.G.A.R.P.I &#8211; R\u00e1dio PX Faixa do Cidad\u00e3o de Ribeir\u00e3o Pires realiza campanhas de arrecada\u00e7\u00e3o de roupas e brinquedos novos eusados para enviar as pessoas menos favorecidas.E &hellip;<\/p>\n<p class=\"read-more\"> <a class=\"\" href=\"https:\/\/intranet.lubraquim.com.br\/index.php\/2022\/12\/06\/doacoes-de-brinquedos-novos-e-usados\/\"> <span class=\"screen-reader-text\">\u201cDoa\u00e7\u00f5es de brinquedos novos e usados\u201d<\/span> Leia mais &raquo;<\/a><\/p>\n","protected":false},"author":6,"featured_media":6740,"comment_status":"open","ping_status":"open","sticky":false,"template":"","format":"standard","meta":{"site-sidebar-layout":"","site-content-layout":"","ast-main-header-display":"","ast-hfb-above-header-display":"","ast-hfb-below-header-display":"","ast-hfb-mobile-header-display":"","site-post-title":"","ast-breadcrumbs-content":"","ast-featured-img":"","footer-sml-layout":"","theme-transparent-header-meta":"","adv-header-id-meta":"","stick-header-meta":"","header-above-stick-meta":"","header-main-stick-meta":"","header-below-stick-meta":"","footnotes":""},"categories":[1],"tags":[],"_links":{"self":[{"href":"https:\/\/intranet.lubraquim.com.br\/index.php\/wp-json\/wp\/v2\/posts\/6736"}],"collection":[{"href":"https:\/\/intranet.lubraquim.com.br\/index.php\/wp-json\/wp\/v2\/posts"}],"about":[{"href":"https:\/\/intranet.lubraquim.com.br\/index.php\/wp-json\/wp\/v2\/types\/post"}],"author":[{"embeddable":true,"href":"https:\/\/intranet.lubraquim.com.br\/index.php\/wp-json\/wp\/v2\/users\/6"}],"replies":[{"embeddable":true,"href":"https:\/\/intranet.lubraquim.com.br\/index.php\/wp-json\/wp\/v2\/comments?post=6736"}],"version-history":[{"count":1,"href":"https:\/\/intranet.lubraquim.com.br\/index.php\/wp-json\/wp\/v2\/posts\/6736\/revisions"}],"predecessor-version":[{"id":6742,"href":"https:\/\/intranet.lubraquim.com.br\/index.php\/wp-json\/wp\/v2\/posts\/6736\/revisions\/6742"}],"wp:featuredmedia":[{"embeddable":true,"href":"https:\/\/intranet.lubraquim.com.br\/index.php\/wp-json\/wp\/v2\/media\/6740"}],"wp:attachment":[{"href":"https:\/\/intranet.lubraquim.com.br\/index.php\/wp-json\/wp\/v2\/media?parent=6736"}],"wp:term":[{"taxonomy":"category","embeddable":true,"href":"https:\/\/intranet.lubraquim.com.br\/index.php\/wp-json\/wp\/v2\/categories?post=6736"},{"taxonomy":"post_tag","embeddable":true,"href":"https:\/\/intranet.lubraquim.com.br\/index.php\/wp-json\/wp\/v2\/tags?post=6736"}],"curies":[{"name":"wp","href":"https:\/\/api.w.org\/{rel}","templated":true}]}}