{"id":6725,"date":"2022-12-01T11:08:49","date_gmt":"2022-12-01T14:08:49","guid":{"rendered":"http:\/\/intranet.lubraquim.com.br\/?p=6725"},"modified":"2022-12-01T11:08:51","modified_gmt":"2022-12-01T14:08:51","slug":"dia-internacional-da-luta-contra-a-aids","status":"publish","type":"post","link":"https:\/\/intranet.lubraquim.com.br\/index.php\/2022\/12\/01\/dia-internacional-da-luta-contra-a-aids\/","title":{"rendered":"Dia Internacional da Luta contra a AIDS"},"content":{"rendered":"\n<p><\/p>\n\n\n\n<p>O\u00a0<strong>Dia Internacional da Luta contra a AIDS<\/strong>\u00a0\u00e9 comemorado anualmente em\u00a0<strong>1\u00ba de dezembro<\/strong>.<\/p>\n\n\n\n<p>A data tem o objetivo de conscientizar a popula\u00e7\u00e3o sobre uma das doen\u00e7as que mais mata no mundo: a&nbsp;<strong>AIDS<\/strong>.<\/p>\n\n\n\n<p>N\u00e3o apenas informar as pessoas sobre os sintomas, perigos e formas de se prevenir da doen\u00e7a, o Dia Mundial de Luta contra a AIDS tamb\u00e9m tem a fun\u00e7\u00e3o de auxiliar no combate contra o preconceito que os portadores de HIV &#8211;\u00a0<strong>v\u00edrus humano de imunodefici\u00eancia<\/strong>\u00a0&#8211; sofrem na sociedade por causa da doen\u00e7a.<\/p>\n\n\n\n<h2 class=\"wp-block-heading\">Como se contrai o v\u00edrus da AIDS?<\/h2>\n\n\n\n<p>A AIDS pode ser transmitida atrav\u00e9s do contato de flu\u00eddos corporais do infectado com o sangue de uma pessoa saud\u00e1vel, por meio de rela\u00e7\u00f5es sexuais sem preservativo (camisinha), transfus\u00f5es de sangue ou compartilhamento de seringas e agulhas.<\/p>\n\n\n\n<p><strong>Aten\u00e7\u00e3o:<\/strong>&nbsp;beijos de l\u00edngua, abra\u00e7os ou contatos com a pele da pessoa portadora de HIV n\u00e3o transmite a doen\u00e7a!<\/p>\n\n\n\n<p>A doen\u00e7a n\u00e3o tem cura, mas pode ser tratada com coquet\u00e9is antiaids, quando diagnosticada a tempo, melhorando a qualidade de vida do infectado.<\/p>\n\n\n\n<p><strong>O dia 1\u00ba de dezembro serve, portanto, como um alerta sobre a Aids e como uma forma de repensarmos nossas atitudes com os portadores da doen\u00e7a.<\/strong>\u00a0N\u00e3o se trata de um dia exclusivo para informa\u00e7\u00f5es de sa\u00fade, \u00e9 um dia que tamb\u00e9m nos remete \u00e0 compaix\u00e3o e solidariedade.<\/p>\n","protected":false},"excerpt":{"rendered":"<p>O\u00a0Dia Internacional da Luta contra a AIDS\u00a0\u00e9 comemorado anualmente em\u00a01\u00ba de dezembro. A data tem o objetivo de conscientizar a popula\u00e7\u00e3o sobre uma das doen\u00e7as que mais mata no mundo: &hellip;<\/p>\n<p class=\"read-more\"> <a class=\"\" href=\"https:\/\/intranet.lubraquim.com.br\/index.php\/2022\/12\/01\/dia-internacional-da-luta-contra-a-aids\/\"> <span class=\"screen-reader-text\">Dia Internacional da Luta contra a AIDS<\/span> Leia mais &raquo;<\/a><\/p>\n","protected":false},"author":6,"featured_media":6726,"comment_status":"open","ping_status":"open","sticky":false,"template":"","format":"standard","meta":{"site-sidebar-layout":"","site-content-layout":"","ast-main-header-display":"","ast-hfb-above-header-display":"","ast-hfb-below-header-display":"","ast-hfb-mobile-header-display":"","site-post-title":"","ast-breadcrumbs-content":"","ast-featured-img":"","footer-sml-layout":"","theme-transparent-header-meta":"","adv-header-id-meta":"","stick-header-meta":"","header-above-stick-meta":"","header-main-stick-meta":"","header-below-stick-meta":"","footnotes":""},"categories":[1],"tags":[],"_links":{"self":[{"href":"https:\/\/intranet.lubraquim.com.br\/index.php\/wp-json\/wp\/v2\/posts\/6725"}],"collection":[{"href":"https:\/\/intranet.lubraquim.com.br\/index.php\/wp-json\/wp\/v2\/posts"}],"about":[{"href":"https:\/\/intranet.lubraquim.com.br\/index.php\/wp-json\/wp\/v2\/types\/post"}],"author":[{"embeddable":true,"href":"https:\/\/intranet.lubraquim.com.br\/index.php\/wp-json\/wp\/v2\/users\/6"}],"replies":[{"embeddable":true,"href":"https:\/\/intranet.lubraquim.com.br\/index.php\/wp-json\/wp\/v2\/comments?post=6725"}],"version-history":[{"count":1,"href":"https:\/\/intranet.lubraquim.com.br\/index.php\/wp-json\/wp\/v2\/posts\/6725\/revisions"}],"predecessor-version":[{"id":6727,"href":"https:\/\/intranet.lubraquim.com.br\/index.php\/wp-json\/wp\/v2\/posts\/6725\/revisions\/6727"}],"wp:featuredmedia":[{"embeddable":true,"href":"https:\/\/intranet.lubraquim.com.br\/index.php\/wp-json\/wp\/v2\/media\/6726"}],"wp:attachment":[{"href":"https:\/\/intranet.lubraquim.com.br\/index.php\/wp-json\/wp\/v2\/media?parent=6725"}],"wp:term":[{"taxonomy":"category","embeddable":true,"href":"https:\/\/intranet.lubraquim.com.br\/index.php\/wp-json\/wp\/v2\/categories?post=6725"},{"taxonomy":"post_tag","embeddable":true,"href":"https:\/\/intranet.lubraquim.com.br\/index.php\/wp-json\/wp\/v2\/tags?post=6725"}],"curies":[{"name":"wp","href":"https:\/\/api.w.org\/{rel}","templated":true}]}}