{"id":6395,"date":"2022-05-23T13:13:21","date_gmt":"2022-05-23T16:13:21","guid":{"rendered":"http:\/\/intranet.lubraquim.com.br\/?p=6395"},"modified":"2022-05-23T13:38:42","modified_gmt":"2022-05-23T16:38:42","slug":"convenio-medico-e-vale-refeicao","status":"publish","type":"post","link":"https:\/\/intranet.lubraquim.com.br\/index.php\/2022\/05\/23\/convenio-medico-e-vale-refeicao\/","title":{"rendered":"Conv\u00eanio medico e Vale-refei\u00e7\u00e3o"},"content":{"rendered":"\n<p>Informamos teremos altera\u00e7\u00f5es nos valores do<strong> (vale-refei\u00e7\u00e3o e conv\u00eanio medico)<\/strong>  <\/p>\n\n\n\n<p>-A partir de 01 de junho de 2022 o seu vale-refei\u00e7\u00e3o passar\u00e1 de R$ 25,00 para R$ 30,00 \/ dia.<\/p>\n\n\n\n<p>-A partir de 01 de junho de 2022 ter\u00e1 aumento de 14% no conv\u00eanio (Notre Dame);<\/p>\n","protected":false},"excerpt":{"rendered":"<p>Informamos teremos altera\u00e7\u00f5es nos valores do (vale-refei\u00e7\u00e3o e conv\u00eanio medico) -A partir de 01 de junho de 2022 o seu vale-refei\u00e7\u00e3o passar\u00e1 de R$ 25,00 para R$ 30,00 \/ dia. &hellip;<\/p>\n<p class=\"read-more\"> <a class=\"\" href=\"https:\/\/intranet.lubraquim.com.br\/index.php\/2022\/05\/23\/convenio-medico-e-vale-refeicao\/\"> <span class=\"screen-reader-text\">Conv\u00eanio medico e Vale-refei\u00e7\u00e3o<\/span> Leia mais &raquo;<\/a><\/p>\n","protected":false},"author":6,"featured_media":6398,"comment_status":"open","ping_status":"open","sticky":false,"template":"","format":"standard","meta":{"site-sidebar-layout":"","site-content-layout":"","ast-main-header-display":"","ast-hfb-above-header-display":"","ast-hfb-below-header-display":"","ast-hfb-mobile-header-display":"","site-post-title":"","ast-breadcrumbs-content":"","ast-featured-img":"","footer-sml-layout":"","theme-transparent-header-meta":"","adv-header-id-meta":"","stick-header-meta":"","header-above-stick-meta":"","header-main-stick-meta":"","header-below-stick-meta":"","footnotes":""},"categories":[1],"tags":[],"_links":{"self":[{"href":"https:\/\/intranet.lubraquim.com.br\/index.php\/wp-json\/wp\/v2\/posts\/6395"}],"collection":[{"href":"https:\/\/intranet.lubraquim.com.br\/index.php\/wp-json\/wp\/v2\/posts"}],"about":[{"href":"https:\/\/intranet.lubraquim.com.br\/index.php\/wp-json\/wp\/v2\/types\/post"}],"author":[{"embeddable":true,"href":"https:\/\/intranet.lubraquim.com.br\/index.php\/wp-json\/wp\/v2\/users\/6"}],"replies":[{"embeddable":true,"href":"https:\/\/intranet.lubraquim.com.br\/index.php\/wp-json\/wp\/v2\/comments?post=6395"}],"version-history":[{"count":1,"href":"https:\/\/intranet.lubraquim.com.br\/index.php\/wp-json\/wp\/v2\/posts\/6395\/revisions"}],"predecessor-version":[{"id":6397,"href":"https:\/\/intranet.lubraquim.com.br\/index.php\/wp-json\/wp\/v2\/posts\/6395\/revisions\/6397"}],"wp:featuredmedia":[{"embeddable":true,"href":"https:\/\/intranet.lubraquim.com.br\/index.php\/wp-json\/wp\/v2\/media\/6398"}],"wp:attachment":[{"href":"https:\/\/intranet.lubraquim.com.br\/index.php\/wp-json\/wp\/v2\/media?parent=6395"}],"wp:term":[{"taxonomy":"category","embeddable":true,"href":"https:\/\/intranet.lubraquim.com.br\/index.php\/wp-json\/wp\/v2\/categories?post=6395"},{"taxonomy":"post_tag","embeddable":true,"href":"https:\/\/intranet.lubraquim.com.br\/index.php\/wp-json\/wp\/v2\/tags?post=6395"}],"curies":[{"name":"wp","href":"https:\/\/api.w.org\/{rel}","templated":true}]}}