{"id":6324,"date":"2022-05-03T09:32:36","date_gmt":"2022-05-03T12:32:36","guid":{"rendered":"http:\/\/intranet.lubraquim.com.br\/?p=6324"},"modified":"2022-05-03T09:32:38","modified_gmt":"2022-05-03T12:32:38","slug":"1-de-maio-dia-do-trabalhador","status":"publish","type":"post","link":"https:\/\/intranet.lubraquim.com.br\/index.php\/2022\/05\/03\/1-de-maio-dia-do-trabalhador\/","title":{"rendered":"1\u00b0 DE MAIO DIA DO TRABALHADOR"},"content":{"rendered":"\n<p class=\"has-ast-global-color-8-color has-text-color\">1 de maio \u00e9 o Dia do Trabalhador, data que tem origem a primeira manifesta\u00e7\u00e3o de 500 mil trabalhadores nas ruas de Chicago, e numa greve geral em todos os Estados Unidos, em 1886.<\/p>\n\n\n\n<p class=\"has-ast-global-color-8-color has-text-color\">Tr\u00eas anos depois, em 1891, o Congresso Oper\u00e1rio Internacional convocou, em Fran\u00e7a, uma manifesta\u00e7\u00e3o anual, em homenagem \u00e0s lutas sindicais de Chicago. A primeira acabou com 10 mortos, em consequ\u00eancia da interven\u00e7\u00e3o policial.<\/p>\n\n\n\n<p class=\"has-ast-global-color-8-color has-text-color\">Foram os factos hist\u00f3ricos que transformaram o 1 de maio no Dia do Trabalhador. At\u00e9 1886, os trabalhadores jamais pensaram exigir os seus direitos, apenas trabalhavam.<\/p>\n\n\n\n<figure class=\"wp-block-image size-large is-resized\"><img decoding=\"async\" loading=\"lazy\" src=\"http:\/\/intranet.lubraquim.com.br\/wp-content\/uploads\/2022\/05\/85f59b2d-3170-4c54-b225-d0a1b6a526cf-1.jpg\" alt=\"\" class=\"wp-image-6326\" width=\"460\" height=\"310\" srcset=\"https:\/\/intranet.lubraquim.com.br\/wp-content\/uploads\/2022\/05\/85f59b2d-3170-4c54-b225-d0a1b6a526cf-1.jpg 460w, https:\/\/intranet.lubraquim.com.br\/wp-content\/uploads\/2022\/05\/85f59b2d-3170-4c54-b225-d0a1b6a526cf-1-300x202.jpg 300w\" sizes=\"(max-width: 460px) 100vw, 460px\" \/><\/figure>\n\n\n\n<p><\/p>\n\n\n\n<p class=\"has-ast-global-color-8-color has-text-color\">O que podemos aprender destes fatos hist\u00f3ricos \u00e9 que o 1 de maio est\u00e1 extremamente vinculado \u00e0 conquista de um objetivo. Quanto movimento, quantos processos existiram para conquistarem este objetivo, a ponto de criar e existir um dia considerado como dia internacional do trabalho.<\/p>\n\n\n\n<p class=\"has-ast-global-color-8-color has-text-color\">Por isto, o 1 de Maio deve ser comemorado n\u00e3o somente pelo feriado, mas para que as pessoas reflitam suas conquistas, seus objetivos atingidos durante um per\u00edodo. Objetivos pessoais, materiais, abstratos, individuais ou coletivos.<\/p>\n\n\n\n<p class=\"has-ast-global-color-8-color has-text-color\">Desejamos a todos um excelente fim de semana e um \u00f3timo feriado. <\/p>\n\n\n\n<p class=\"has-ast-global-color-8-color has-text-color\">01\/05\/2022<\/p>\n\n\n\n<p class=\"has-ast-global-color-8-color has-text-color\">RECURSOS HUMANOS <\/p>\n","protected":false},"excerpt":{"rendered":"<p>1 de maio \u00e9 o Dia do Trabalhador, data que tem origem a primeira manifesta\u00e7\u00e3o de 500 mil trabalhadores nas ruas de Chicago, e numa greve geral em todos os &hellip;<\/p>\n<p class=\"read-more\"> <a class=\"\" href=\"https:\/\/intranet.lubraquim.com.br\/index.php\/2022\/05\/03\/1-de-maio-dia-do-trabalhador\/\"> <span class=\"screen-reader-text\">1\u00b0 DE MAIO DIA DO TRABALHADOR<\/span> Leia mais &raquo;<\/a><\/p>\n","protected":false},"author":6,"featured_media":6327,"comment_status":"open","ping_status":"open","sticky":false,"template":"","format":"standard","meta":{"site-sidebar-layout":"","site-content-layout":"","ast-main-header-display":"","ast-hfb-above-header-display":"","ast-hfb-below-header-display":"","ast-hfb-mobile-header-display":"","site-post-title":"","ast-breadcrumbs-content":"","ast-featured-img":"","footer-sml-layout":"","theme-transparent-header-meta":"","adv-header-id-meta":"","stick-header-meta":"","header-above-stick-meta":"","header-main-stick-meta":"","header-below-stick-meta":"","footnotes":""},"categories":[1],"tags":[],"_links":{"self":[{"href":"https:\/\/intranet.lubraquim.com.br\/index.php\/wp-json\/wp\/v2\/posts\/6324"}],"collection":[{"href":"https:\/\/intranet.lubraquim.com.br\/index.php\/wp-json\/wp\/v2\/posts"}],"about":[{"href":"https:\/\/intranet.lubraquim.com.br\/index.php\/wp-json\/wp\/v2\/types\/post"}],"author":[{"embeddable":true,"href":"https:\/\/intranet.lubraquim.com.br\/index.php\/wp-json\/wp\/v2\/users\/6"}],"replies":[{"embeddable":true,"href":"https:\/\/intranet.lubraquim.com.br\/index.php\/wp-json\/wp\/v2\/comments?post=6324"}],"version-history":[{"count":1,"href":"https:\/\/intranet.lubraquim.com.br\/index.php\/wp-json\/wp\/v2\/posts\/6324\/revisions"}],"predecessor-version":[{"id":6328,"href":"https:\/\/intranet.lubraquim.com.br\/index.php\/wp-json\/wp\/v2\/posts\/6324\/revisions\/6328"}],"wp:featuredmedia":[{"embeddable":true,"href":"https:\/\/intranet.lubraquim.com.br\/index.php\/wp-json\/wp\/v2\/media\/6327"}],"wp:attachment":[{"href":"https:\/\/intranet.lubraquim.com.br\/index.php\/wp-json\/wp\/v2\/media?parent=6324"}],"wp:term":[{"taxonomy":"category","embeddable":true,"href":"https:\/\/intranet.lubraquim.com.br\/index.php\/wp-json\/wp\/v2\/categories?post=6324"},{"taxonomy":"post_tag","embeddable":true,"href":"https:\/\/intranet.lubraquim.com.br\/index.php\/wp-json\/wp\/v2\/tags?post=6324"}],"curies":[{"name":"wp","href":"https:\/\/api.w.org\/{rel}","templated":true}]}}