{"id":6315,"date":"2022-04-19T08:43:38","date_gmt":"2022-04-19T11:43:38","guid":{"rendered":"http:\/\/intranet.lubraquim.com.br\/?p=6315"},"modified":"2022-04-19T08:43:40","modified_gmt":"2022-04-19T11:43:40","slug":"feriado-de-tiradentes-2","status":"publish","type":"post","link":"https:\/\/intranet.lubraquim.com.br\/index.php\/2022\/04\/19\/feriado-de-tiradentes-2\/","title":{"rendered":"Feriado de Tiradentes"},"content":{"rendered":"\n<p class=\"has-ast-global-color-8-color has-text-color\"><strong>Comunicamos que nos dias 21 e 22 de abril n\u00e3o haver\u00e1 expediente, sendo o\u00a0dia<\/strong>\u00a0<strong>22\/04\/2022 descontado de suas pr\u00f3ximas f\u00e9rias respectivas.<\/strong><\/p>\n\n\n\n<h2 class=\"has-ast-global-color-8-color has-text-color wp-block-heading\">Origem do Feriado de Tiradentes<\/h2>\n\n\n\n<p class=\"has-ast-global-color-8-color has-text-color\">No ano de 1789, uma parte da popula\u00e7\u00e3o de Minas Gerais fez uma tentativa de revolta separatista contra o dom\u00ednio dos portugueses no Brasil. Tiradentes foi ativista desse movimento e o \u00fanico condenado \u00e0 morte por enforcamento.<\/p>\n\n\n\n<p class=\"has-ast-global-color-8-color has-text-color\">Por este motivo, as suas a\u00e7\u00f5es s\u00e3o reconhecidas como atos heroicos que lhe garantiram o status de importante figura hist\u00f3rica brasileira.<\/p>\n\n\n\n<p class=\"has-ast-global-color-8-color has-text-color\">O feriado foi estabelecido pela&nbsp;<strong>Lei N\u00ba 4.897, de 9 de dezembro de 1965&nbsp;<\/strong>durante o governo do presidente Castelo Branco.<\/p>\n\n\n\n<p class=\"has-ast-global-color-8-color has-text-color\">O nome de Tiradentes est\u00e1 escrito no Pante\u00e3o da P\u00e1tria e da Liberdade Brasileiro (conhecido como o \u201cLivro dos Her\u00f3is da P\u00e1tria\u201d) desde 21 de abril de 1992.<\/p>\n\n\n\n<p class=\"has-ast-global-color-8-color has-text-color\">Desejamos um \u00f3timo descanso a todos!!<\/p>\n\n\n\n<p class=\"has-ast-global-color-8-color has-text-color\">Recursos Humanos<\/p>\n\n\n\n<p class=\"has-ast-global-color-8-color has-text-color\">19\/04\/2022<\/p>\n","protected":false},"excerpt":{"rendered":"<p>Comunicamos que nos dias 21 e 22 de abril n\u00e3o haver\u00e1 expediente, sendo o\u00a0dia\u00a022\/04\/2022 descontado de suas pr\u00f3ximas f\u00e9rias respectivas. Origem do Feriado de Tiradentes No ano de 1789, uma &hellip;<\/p>\n<p class=\"read-more\"> <a class=\"\" href=\"https:\/\/intranet.lubraquim.com.br\/index.php\/2022\/04\/19\/feriado-de-tiradentes-2\/\"> <span class=\"screen-reader-text\">Feriado de Tiradentes<\/span> Leia mais &raquo;<\/a><\/p>\n","protected":false},"author":6,"featured_media":6320,"comment_status":"open","ping_status":"open","sticky":false,"template":"","format":"standard","meta":{"site-sidebar-layout":"","site-content-layout":"","ast-main-header-display":"","ast-hfb-above-header-display":"","ast-hfb-below-header-display":"","ast-hfb-mobile-header-display":"","site-post-title":"","ast-breadcrumbs-content":"","ast-featured-img":"","footer-sml-layout":"","theme-transparent-header-meta":"","adv-header-id-meta":"","stick-header-meta":"","header-above-stick-meta":"","header-main-stick-meta":"","header-below-stick-meta":"","footnotes":""},"categories":[1],"tags":[],"_links":{"self":[{"href":"https:\/\/intranet.lubraquim.com.br\/index.php\/wp-json\/wp\/v2\/posts\/6315"}],"collection":[{"href":"https:\/\/intranet.lubraquim.com.br\/index.php\/wp-json\/wp\/v2\/posts"}],"about":[{"href":"https:\/\/intranet.lubraquim.com.br\/index.php\/wp-json\/wp\/v2\/types\/post"}],"author":[{"embeddable":true,"href":"https:\/\/intranet.lubraquim.com.br\/index.php\/wp-json\/wp\/v2\/users\/6"}],"replies":[{"embeddable":true,"href":"https:\/\/intranet.lubraquim.com.br\/index.php\/wp-json\/wp\/v2\/comments?post=6315"}],"version-history":[{"count":1,"href":"https:\/\/intranet.lubraquim.com.br\/index.php\/wp-json\/wp\/v2\/posts\/6315\/revisions"}],"predecessor-version":[{"id":6321,"href":"https:\/\/intranet.lubraquim.com.br\/index.php\/wp-json\/wp\/v2\/posts\/6315\/revisions\/6321"}],"wp:featuredmedia":[{"embeddable":true,"href":"https:\/\/intranet.lubraquim.com.br\/index.php\/wp-json\/wp\/v2\/media\/6320"}],"wp:attachment":[{"href":"https:\/\/intranet.lubraquim.com.br\/index.php\/wp-json\/wp\/v2\/media?parent=6315"}],"wp:term":[{"taxonomy":"category","embeddable":true,"href":"https:\/\/intranet.lubraquim.com.br\/index.php\/wp-json\/wp\/v2\/categories?post=6315"},{"taxonomy":"post_tag","embeddable":true,"href":"https:\/\/intranet.lubraquim.com.br\/index.php\/wp-json\/wp\/v2\/tags?post=6315"}],"curies":[{"name":"wp","href":"https:\/\/api.w.org\/{rel}","templated":true}]}}