{"id":6307,"date":"2022-04-12T12:57:12","date_gmt":"2022-04-12T15:57:12","guid":{"rendered":"http:\/\/intranet.lubraquim.com.br\/?p=6307"},"modified":"2022-04-12T12:57:14","modified_gmt":"2022-04-12T15:57:14","slug":"feriado-em-15-04-2022-paixao-de-cristo-pascoa-17-04-2022","status":"publish","type":"post","link":"https:\/\/intranet.lubraquim.com.br\/index.php\/2022\/04\/12\/feriado-em-15-04-2022-paixao-de-cristo-pascoa-17-04-2022\/","title":{"rendered":"Feriado em 15\/04\/2022- Paix\u00e3o de Cristo &#8211; P\u00e1scoa  17\/04\/2022"},"content":{"rendered":"\n<p class=\"has-ast-global-color-8-color has-text-color\">O dia da <strong>Paix\u00e3o de Cristo<\/strong>, feriado nacional em 2022, simboliza a morte de Jesus Cristo no Calv\u00e1rio. Segundo os evangelhos, Jesus teria morrido em uma sexta-feira, \u00e0s v\u00e9speras da <strong>P\u00e1scoa<\/strong> judaica. Assim, ele foi condenado, torturado e morto por crucifica\u00e7\u00e3o, uma forma de puni\u00e7\u00e3o usada pelos romanos muito comum na \u00e9poca.<\/p>\n\n\n\n<p class=\"has-ast-global-color-8-color has-text-color\">A Sexta-feira Santa \u00e9 um momento de reflex\u00e3o sobre o sacrif\u00edcio de Jesus, que morreu pelos pecados da humanidade. Como determina\u00e7\u00e3o da Igreja Cat\u00f3lica, \u00e9 um dia obrigat\u00f3rio para o jejum e a abstin\u00eancia, em que n\u00e3o se realiza o consumo de carne vermelha ou frango, sendo muito comum que as pessoas crist\u00e3s substituam esses alimentos pelo peixe em suas refei\u00e7\u00f5es. E a data faz parte da Semana Santa, que se inicia com o Domingo de Ramos, que marca a entrada de Cristo em Jerusal\u00e9m, e termina com o domingo de <strong>P\u00e1scoa<\/strong>, que ocorre dois dias ap\u00f3s a <strong>Paix\u00e3o de Cristo<\/strong>.<\/p>\n\n\n\n<p class=\"has-ast-global-color-8-color has-text-color\"><strong>P\u00e1scoa<\/strong>, momento de uni\u00e3o, de reflex\u00e3o, de ver a vida diferente. Jesus morreu e ressuscitou para mostrar ao mundo o verdadeiro sentido da vida. Que o coelhinho traga muito mais que ovos de chocolate\u2026 Que ele lhe traga muita paz, amor, sa\u00fade, felicidade, compreens\u00e3o e carinho.<\/p>\n\n\n\n<p class=\"has-text-align-center has-ast-global-color-8-color has-text-color\"><strong>Dia 12\/04\/2022 a partir das 15h00 na sala de reuni\u00e3o haver\u00e1 a entrega dos ovos de P\u00e1scoa .<\/strong><\/p>\n\n\n\n<p class=\"has-ast-global-color-8-color has-text-color\">Desejamos uma p\u00e1scoa aben\u00e7oada pra voc\u00ea e sua fam\u00edlia!!!<\/p>\n\n\n\n<p><\/p>\n\n\n\n<p class=\"has-ast-global-color-8-color has-text-color\"><strong>12\/04\/2022<\/strong><\/p>\n\n\n\n<p class=\"has-ast-global-color-8-color has-text-color\"><strong>Recursos Humanos<\/strong> <\/p>\n\n\n\n<p><\/p>\n\n\n\n<p><\/p>\n\n\n\n<p><\/p>\n","protected":false},"excerpt":{"rendered":"<p>O dia da Paix\u00e3o de Cristo, feriado nacional em 2022, simboliza a morte de Jesus Cristo no Calv\u00e1rio. Segundo os evangelhos, Jesus teria morrido em uma sexta-feira, \u00e0s v\u00e9speras da &hellip;<\/p>\n<p class=\"read-more\"> <a class=\"\" href=\"https:\/\/intranet.lubraquim.com.br\/index.php\/2022\/04\/12\/feriado-em-15-04-2022-paixao-de-cristo-pascoa-17-04-2022\/\"> <span class=\"screen-reader-text\">Feriado em 15\/04\/2022- Paix\u00e3o de Cristo &#8211; P\u00e1scoa  17\/04\/2022<\/span> Leia mais &raquo;<\/a><\/p>\n","protected":false},"author":6,"featured_media":6308,"comment_status":"open","ping_status":"open","sticky":false,"template":"","format":"standard","meta":{"site-sidebar-layout":"","site-content-layout":"","ast-main-header-display":"","ast-hfb-above-header-display":"","ast-hfb-below-header-display":"","ast-hfb-mobile-header-display":"","site-post-title":"","ast-breadcrumbs-content":"","ast-featured-img":"","footer-sml-layout":"","theme-transparent-header-meta":"","adv-header-id-meta":"","stick-header-meta":"","header-above-stick-meta":"","header-main-stick-meta":"","header-below-stick-meta":"","footnotes":""},"categories":[1],"tags":[],"_links":{"self":[{"href":"https:\/\/intranet.lubraquim.com.br\/index.php\/wp-json\/wp\/v2\/posts\/6307"}],"collection":[{"href":"https:\/\/intranet.lubraquim.com.br\/index.php\/wp-json\/wp\/v2\/posts"}],"about":[{"href":"https:\/\/intranet.lubraquim.com.br\/index.php\/wp-json\/wp\/v2\/types\/post"}],"author":[{"embeddable":true,"href":"https:\/\/intranet.lubraquim.com.br\/index.php\/wp-json\/wp\/v2\/users\/6"}],"replies":[{"embeddable":true,"href":"https:\/\/intranet.lubraquim.com.br\/index.php\/wp-json\/wp\/v2\/comments?post=6307"}],"version-history":[{"count":1,"href":"https:\/\/intranet.lubraquim.com.br\/index.php\/wp-json\/wp\/v2\/posts\/6307\/revisions"}],"predecessor-version":[{"id":6309,"href":"https:\/\/intranet.lubraquim.com.br\/index.php\/wp-json\/wp\/v2\/posts\/6307\/revisions\/6309"}],"wp:featuredmedia":[{"embeddable":true,"href":"https:\/\/intranet.lubraquim.com.br\/index.php\/wp-json\/wp\/v2\/media\/6308"}],"wp:attachment":[{"href":"https:\/\/intranet.lubraquim.com.br\/index.php\/wp-json\/wp\/v2\/media?parent=6307"}],"wp:term":[{"taxonomy":"category","embeddable":true,"href":"https:\/\/intranet.lubraquim.com.br\/index.php\/wp-json\/wp\/v2\/categories?post=6307"},{"taxonomy":"post_tag","embeddable":true,"href":"https:\/\/intranet.lubraquim.com.br\/index.php\/wp-json\/wp\/v2\/tags?post=6307"}],"curies":[{"name":"wp","href":"https:\/\/api.w.org\/{rel}","templated":true}]}}