{"id":5817,"date":"2021-10-06T15:30:07","date_gmt":"2021-10-06T18:30:07","guid":{"rendered":"http:\/\/intranet.lubraquim.com.br\/?p=5817"},"modified":"2021-10-07T08:18:48","modified_gmt":"2021-10-07T11:18:48","slug":"feliz-dia-das-criancas","status":"publish","type":"post","link":"https:\/\/intranet.lubraquim.com.br\/index.php\/2021\/10\/06\/feliz-dia-das-criancas\/","title":{"rendered":"Feliz dia das Crian\u00e7as"},"content":{"rendered":"\n<figure class=\"wp-block-image size-large is-resized\"><img decoding=\"async\" loading=\"lazy\" src=\"http:\/\/intranet.lubraquim.com.br\/wp-content\/uploads\/2021\/10\/Imagem1.jpg\" alt=\"\" class=\"wp-image-5818\" width=\"337\" height=\"260\" srcset=\"https:\/\/intranet.lubraquim.com.br\/wp-content\/uploads\/2021\/10\/Imagem1.jpg 406w, https:\/\/intranet.lubraquim.com.br\/wp-content\/uploads\/2021\/10\/Imagem1-300x232.jpg 300w\" sizes=\"(max-width: 337px) 100vw, 337px\" \/><\/figure>\n\n\n\n<p class=\"has-black-color has-text-color\"><strong>Comunicamos que nos dias 11 e 12 de Outubro n\u00e3o \u00a0haver\u00e1 expediente, sendo o <\/strong>dia 11\/10\/2021 descontado de suas pr\u00f3ximas f\u00e9rias respectivas.<\/p>\n\n\n\n<p class=\"has-black-color has-text-color\">Informamos tamb\u00e9m que na sexta-feira (08\/10) a partir das 11h00 haver\u00e1 cachorro-quente com refrigerante, para todos os colaboradores. <\/p>\n\n\n\n<p class=\"has-vivid-red-color has-text-color\"><strong>Uma dica: n\u00e3o tragam almo\u00e7o.<\/strong><\/p>\n\n\n\n<p class=\"has-black-color has-text-color\">E para aqueles com filhos at\u00e9 doze anos de idade o RH lhe entregar\u00e1 uma pequena lembran\u00e7a.<\/p>\n\n\n\n<p class=\"has-black-color has-text-color\">Desejamos a todos um \u00f3timo descanso e um excelente feriado!!!!<\/p>\n\n\n\n<p class=\"has-black-color has-text-color\">Recursos Humanos<\/p>\n\n\n\n<p class=\"has-black-color has-text-color\">06\/10\/2021<\/p>\n","protected":false},"excerpt":{"rendered":"<p>Comunicamos que nos dias 11 e 12 de Outubro n\u00e3o \u00a0haver\u00e1 expediente, sendo o dia 11\/10\/2021 descontado de suas pr\u00f3ximas f\u00e9rias respectivas. Informamos tamb\u00e9m que na sexta-feira (08\/10) a partir &hellip;<\/p>\n<p class=\"read-more\"> <a class=\"\" href=\"https:\/\/intranet.lubraquim.com.br\/index.php\/2021\/10\/06\/feliz-dia-das-criancas\/\"> <span class=\"screen-reader-text\">Feliz dia das Crian\u00e7as<\/span> Leia mais &raquo;<\/a><\/p>\n","protected":false},"author":6,"featured_media":5819,"comment_status":"open","ping_status":"open","sticky":false,"template":"","format":"standard","meta":{"site-sidebar-layout":"","site-content-layout":"","ast-main-header-display":"","ast-hfb-above-header-display":"","ast-hfb-below-header-display":"","ast-hfb-mobile-header-display":"","site-post-title":"","ast-breadcrumbs-content":"","ast-featured-img":"","footer-sml-layout":"","theme-transparent-header-meta":"","adv-header-id-meta":"","stick-header-meta":"","header-above-stick-meta":"","header-main-stick-meta":"","header-below-stick-meta":"","footnotes":""},"categories":[1],"tags":[],"_links":{"self":[{"href":"https:\/\/intranet.lubraquim.com.br\/index.php\/wp-json\/wp\/v2\/posts\/5817"}],"collection":[{"href":"https:\/\/intranet.lubraquim.com.br\/index.php\/wp-json\/wp\/v2\/posts"}],"about":[{"href":"https:\/\/intranet.lubraquim.com.br\/index.php\/wp-json\/wp\/v2\/types\/post"}],"author":[{"embeddable":true,"href":"https:\/\/intranet.lubraquim.com.br\/index.php\/wp-json\/wp\/v2\/users\/6"}],"replies":[{"embeddable":true,"href":"https:\/\/intranet.lubraquim.com.br\/index.php\/wp-json\/wp\/v2\/comments?post=5817"}],"version-history":[{"count":2,"href":"https:\/\/intranet.lubraquim.com.br\/index.php\/wp-json\/wp\/v2\/posts\/5817\/revisions"}],"predecessor-version":[{"id":5822,"href":"https:\/\/intranet.lubraquim.com.br\/index.php\/wp-json\/wp\/v2\/posts\/5817\/revisions\/5822"}],"wp:featuredmedia":[{"embeddable":true,"href":"https:\/\/intranet.lubraquim.com.br\/index.php\/wp-json\/wp\/v2\/media\/5819"}],"wp:attachment":[{"href":"https:\/\/intranet.lubraquim.com.br\/index.php\/wp-json\/wp\/v2\/media?parent=5817"}],"wp:term":[{"taxonomy":"category","embeddable":true,"href":"https:\/\/intranet.lubraquim.com.br\/index.php\/wp-json\/wp\/v2\/categories?post=5817"},{"taxonomy":"post_tag","embeddable":true,"href":"https:\/\/intranet.lubraquim.com.br\/index.php\/wp-json\/wp\/v2\/tags?post=5817"}],"curies":[{"name":"wp","href":"https:\/\/api.w.org\/{rel}","templated":true}]}}