{"id":5777,"date":"2021-09-22T14:14:29","date_gmt":"2021-09-22T17:14:29","guid":{"rendered":"http:\/\/intranet.lubraquim.com.br\/?p=5777"},"modified":"2021-09-22T15:28:01","modified_gmt":"2021-09-22T18:28:01","slug":"a-era-da-internet-chegou-na-lubraquim","status":"publish","type":"post","link":"https:\/\/intranet.lubraquim.com.br\/index.php\/2021\/09\/22\/a-era-da-internet-chegou-na-lubraquim\/","title":{"rendered":"\u201cA Era da internet chegou na Lubraquim!&#8221;"},"content":{"rendered":"\n<p class=\"has-text-align-left has-black-color has-text-color\">\u00c9 com grande prazer que informamos que nossa equipe comercial deu o ponta p\u00e9 inicial para um novo mundo, as <strong>vendas pela internet<\/strong>.<\/p>\n\n\n\n<figure class=\"wp-block-image size-large is-resized\"><img decoding=\"async\" loading=\"lazy\" src=\"http:\/\/intranet.lubraquim.com.br\/wp-content\/uploads\/2021\/09\/agua-desmi-003-1024x562.png\" alt=\"\" class=\"wp-image-5778\" width=\"454\" height=\"249\" srcset=\"https:\/\/intranet.lubraquim.com.br\/wp-content\/uploads\/2021\/09\/agua-desmi-003-1024x562.png 1024w, https:\/\/intranet.lubraquim.com.br\/wp-content\/uploads\/2021\/09\/agua-desmi-003-300x165.png 300w, https:\/\/intranet.lubraquim.com.br\/wp-content\/uploads\/2021\/09\/agua-desmi-003-768x421.png 768w, https:\/\/intranet.lubraquim.com.br\/wp-content\/uploads\/2021\/09\/agua-desmi-003.png 1179w\" sizes=\"(max-width: 454px) 100vw, 454px\" \/><\/figure>\n\n\n\n<figure class=\"wp-block-image size-large is-resized\"><img decoding=\"async\" loading=\"lazy\" src=\"http:\/\/intranet.lubraquim.com.br\/wp-content\/uploads\/2021\/09\/frasco-003-1024x514.png\" alt=\"\" class=\"wp-image-5779\" width=\"460\" height=\"231\" srcset=\"https:\/\/intranet.lubraquim.com.br\/wp-content\/uploads\/2021\/09\/frasco-003-1024x514.png 1024w, https:\/\/intranet.lubraquim.com.br\/wp-content\/uploads\/2021\/09\/frasco-003-300x150.png 300w, https:\/\/intranet.lubraquim.com.br\/wp-content\/uploads\/2021\/09\/frasco-003-768x385.png 768w, https:\/\/intranet.lubraquim.com.br\/wp-content\/uploads\/2021\/09\/frasco-003.png 1282w\" sizes=\"(max-width: 460px) 100vw, 460px\" \/><\/figure>\n\n\n\n<figure class=\"wp-block-image size-large is-resized\"><img decoding=\"async\" loading=\"lazy\" src=\"http:\/\/intranet.lubraquim.com.br\/wp-content\/uploads\/2021\/09\/oleo-lubri-003-1024x483.png\" alt=\"\" class=\"wp-image-5780\" width=\"467\" height=\"217\"\/><\/figure>\n\n\n\n<p class=\"has-black-color has-text-color\">Estamos engatinhando para fixarmos nossa marca no mercado.<\/p>\n\n\n\n<p class=\"has-text-align-left has-black-color has-text-color\">J\u00e1 come\u00e7amos a vender atrav\u00e9s de alguns marketplaces como <strong>Shopee<\/strong>, <strong>Mercado Livre<\/strong>, <strong>Americanas<\/strong>, <strong>Submarino<\/strong> e&nbsp;etc., e isso \u00e9 s\u00f3 o come\u00e7o. <\/p>\n\n\n\n<p class=\"has-text-align-left has-black-color has-text-color\">Em breve estaremos em todos os marketplaces compat\u00edveis com o nosso mercado (<strong>Magazine Luiza, Amazon, Carrefour, Casas Bahia, Extra e etc<\/strong>.) e tamb\u00e9m nosso <strong>e-commerce diretamente do site da Lubraquim<\/strong><\/p>\n\n\n\n<p class=\"has-text-align-left has-black-color has-text-color\">E n\u00e3o para por aqui, nossas redes sociais est\u00e3o sendo atualizadas constantemente, ent\u00e3o para nos ajudar nessa nova etapa, nos siga <span class=\"has-inline-color has-black-color\">no Instagram<\/span>(<strong>@lubraquimindustria<\/strong>), <span class=\"has-inline-color has-black-color\">Facebook<\/span> (<strong>lubraquimindustria<\/strong>) e <span class=\"has-inline-color has-black-color\">Linkedin<\/span> (<strong>Lubraquim Industria de \u00d3leos Lubrificantes<\/strong>), la no Linkedin marque a empresa e seu cargo no seu perfil profissional.<\/p>\n\n\n\n<figure class=\"wp-block-image size-large is-resized\"><img decoding=\"async\" loading=\"lazy\" src=\"http:\/\/intranet.lubraquim.com.br\/wp-content\/uploads\/2021\/09\/1-003-1024x1024.jpg\" alt=\"\" class=\"wp-image-5781\" width=\"210\" height=\"210\" srcset=\"https:\/\/intranet.lubraquim.com.br\/wp-content\/uploads\/2021\/09\/1-003-1024x1024.jpg 1024w, https:\/\/intranet.lubraquim.com.br\/wp-content\/uploads\/2021\/09\/1-003-300x300.jpg 300w, https:\/\/intranet.lubraquim.com.br\/wp-content\/uploads\/2021\/09\/1-003-150x150.jpg 150w, https:\/\/intranet.lubraquim.com.br\/wp-content\/uploads\/2021\/09\/1-003-768x768.jpg 768w, https:\/\/intranet.lubraquim.com.br\/wp-content\/uploads\/2021\/09\/1-003.jpg 1080w\" sizes=\"(max-width: 210px) 100vw, 210px\" \/><\/figure>\n\n\n\n<p class=\"has-text-align-center has-black-color has-pale-cyan-blue-background-color has-text-color has-background\">&#8220;<strong>\u00c9 s\u00f3 o come\u00e7o de um grande futuro que temos pela frente!\u201d<\/strong><\/p>\n\n\n","protected":false},"excerpt":{"rendered":"<p>\u00c9 com grande prazer que informamos que nossa equipe comercial deu o ponta p\u00e9 inicial para um novo mundo, as vendas pela internet. Estamos engatinhando para fixarmos nossa marca no &hellip;<\/p>\n<p class=\"read-more\"> <a class=\"\" href=\"https:\/\/intranet.lubraquim.com.br\/index.php\/2021\/09\/22\/a-era-da-internet-chegou-na-lubraquim\/\"> <span class=\"screen-reader-text\">\u201cA Era da internet chegou na Lubraquim!&#8221;<\/span> Leia mais &raquo;<\/a><\/p>\n","protected":false},"author":7,"featured_media":5784,"comment_status":"open","ping_status":"open","sticky":false,"template":"","format":"standard","meta":{"site-sidebar-layout":"","site-content-layout":"","ast-main-header-display":"","ast-hfb-above-header-display":"","ast-hfb-below-header-display":"","ast-hfb-mobile-header-display":"","site-post-title":"","ast-breadcrumbs-content":"","ast-featured-img":"","footer-sml-layout":"","theme-transparent-header-meta":"","adv-header-id-meta":"","stick-header-meta":"","header-above-stick-meta":"","header-main-stick-meta":"","header-below-stick-meta":"","footnotes":""},"categories":[4],"tags":[],"_links":{"self":[{"href":"https:\/\/intranet.lubraquim.com.br\/index.php\/wp-json\/wp\/v2\/posts\/5777"}],"collection":[{"href":"https:\/\/intranet.lubraquim.com.br\/index.php\/wp-json\/wp\/v2\/posts"}],"about":[{"href":"https:\/\/intranet.lubraquim.com.br\/index.php\/wp-json\/wp\/v2\/types\/post"}],"author":[{"embeddable":true,"href":"https:\/\/intranet.lubraquim.com.br\/index.php\/wp-json\/wp\/v2\/users\/7"}],"replies":[{"embeddable":true,"href":"https:\/\/intranet.lubraquim.com.br\/index.php\/wp-json\/wp\/v2\/comments?post=5777"}],"version-history":[{"count":3,"href":"https:\/\/intranet.lubraquim.com.br\/index.php\/wp-json\/wp\/v2\/posts\/5777\/revisions"}],"predecessor-version":[{"id":5787,"href":"https:\/\/intranet.lubraquim.com.br\/index.php\/wp-json\/wp\/v2\/posts\/5777\/revisions\/5787"}],"wp:featuredmedia":[{"embeddable":true,"href":"https:\/\/intranet.lubraquim.com.br\/index.php\/wp-json\/wp\/v2\/media\/5784"}],"wp:attachment":[{"href":"https:\/\/intranet.lubraquim.com.br\/index.php\/wp-json\/wp\/v2\/media?parent=5777"}],"wp:term":[{"taxonomy":"category","embeddable":true,"href":"https:\/\/intranet.lubraquim.com.br\/index.php\/wp-json\/wp\/v2\/categories?post=5777"},{"taxonomy":"post_tag","embeddable":true,"href":"https:\/\/intranet.lubraquim.com.br\/index.php\/wp-json\/wp\/v2\/tags?post=5777"}],"curies":[{"name":"wp","href":"https:\/\/api.w.org\/{rel}","templated":true}]}}