{"id":5764,"date":"2021-09-20T16:22:34","date_gmt":"2021-09-20T19:22:34","guid":{"rendered":"http:\/\/intranet.lubraquim.com.br\/?p=5764"},"modified":"2021-09-22T14:22:52","modified_gmt":"2021-09-22T17:22:52","slug":"primavera","status":"publish","type":"post","link":"https:\/\/intranet.lubraquim.com.br\/index.php\/2021\/09\/20\/primavera\/","title":{"rendered":"Primavera&#8230; \u273f"},"content":{"rendered":"\n<figure class=\"wp-block-image size-large is-resized\"><img decoding=\"async\" loading=\"lazy\" src=\"http:\/\/intranet.lubraquim.com.br\/wp-content\/uploads\/2021\/09\/primavera.jpg\" alt=\"\" class=\"wp-image-5765\" width=\"346\" height=\"222\" srcset=\"https:\/\/intranet.lubraquim.com.br\/wp-content\/uploads\/2021\/09\/primavera.jpg 700w, https:\/\/intranet.lubraquim.com.br\/wp-content\/uploads\/2021\/09\/primavera-300x192.jpg 300w\" sizes=\"(max-width: 346px) 100vw, 346px\" \/><\/figure>\n\n\n\n<p class=\"has-black-color has-text-color\">A&nbsp;<strong>primavera<\/strong>&nbsp;\u00e9 a esta\u00e7\u00e3o do ano que se inicia ap\u00f3s o inverno e antecede o ver\u00e3o. Na&nbsp;<strong>primavera<\/strong>, a temperatura \u00e9 mais amena e os dias s\u00e3o mais floridos.&nbsp; Essa esta\u00e7\u00e3o \u00e9 caracterizada por apresentar dias com temperaturas amenas, al\u00e9m disso, em algumas regi\u00f5es, tamb\u00e9m ocorre a flora\u00e7\u00e3o de diversas plantas.<\/p>\n\n\n\n<p class=\"has-black-color has-text-color\">Quando uma \u00e1rvore de Ip\u00ea Amarelo ganha suas flores, \u00e9 uma indica\u00e7\u00e3o da transi\u00e7\u00e3o entre o fim do inverno e o in\u00edcio da&nbsp;<strong>primavera<\/strong>. Uma \u00e1rvore cheia de flores amarelas \u00e9 como um Sol iluminando o nosso dia, n\u00e3o \u00e9 mesmo?<\/p>\n\n\n\n<p class=\"has-black-color has-text-color\">Se n\u00e3o tiv\u00e9ssemos inverno, a &nbsp;<strong>primavera <\/strong>&nbsp;n\u00e3o seria t\u00e3o agrad\u00e1vel: se n\u00e3o experiment\u00e1ssemos algumas vezes o sabor da adversidade, a prosperidade n\u00e3o seria t\u00e3o bem-vinda. Transforme seu mundo em&nbsp;<strong>primavera<\/strong>: a vida ganha mais cor, emo\u00e7\u00e3o e sabor, se decorada com amor. H\u00e1 uma&nbsp;<strong>primavera<\/strong>&nbsp;em mim; vou desabrochar, seja como flor.<\/p>\n\n\n\n<p class=\"has-black-color has-text-color\">A&nbsp;<strong>Primavera<\/strong>&nbsp;\u00e9 o come\u00e7o de um novo ciclo, que representa o \u201cnascimento\u201d. \u00c9 o per\u00edodo de regar nossos jardins e plantar sementes para o nosso processo de renascimento.<\/p>\n\n\n\n<p class=\"has-black-color has-text-color\">Desejamos uma linda &nbsp;<strong>Primavera<\/strong> pra voc\u00ea!!!<\/p>\n\n\n\n<p class=\"has-black-color has-text-color\">Lubraquim<\/p>\n\n\n\n<p class=\"has-black-color has-text-color\">Recursos Humanos<\/p>\n\n\n\n<p class=\"has-black-color has-text-color\">22\/09\/2021<\/p>\n","protected":false},"excerpt":{"rendered":"<p>A&nbsp;primavera&nbsp;\u00e9 a esta\u00e7\u00e3o do ano que se inicia ap\u00f3s o inverno e antecede o ver\u00e3o. Na&nbsp;primavera, a temperatura \u00e9 mais amena e os dias s\u00e3o mais floridos.&nbsp; Essa esta\u00e7\u00e3o \u00e9 &hellip;<\/p>\n<p class=\"read-more\"> <a class=\"\" href=\"https:\/\/intranet.lubraquim.com.br\/index.php\/2021\/09\/20\/primavera\/\"> <span class=\"screen-reader-text\">Primavera&#8230; \u273f<\/span> Leia mais &raquo;<\/a><\/p>\n","protected":false},"author":6,"featured_media":5768,"comment_status":"open","ping_status":"open","sticky":false,"template":"","format":"standard","meta":{"site-sidebar-layout":"","site-content-layout":"","ast-main-header-display":"","ast-hfb-above-header-display":"","ast-hfb-below-header-display":"","ast-hfb-mobile-header-display":"","site-post-title":"","ast-breadcrumbs-content":"","ast-featured-img":"","footer-sml-layout":"","theme-transparent-header-meta":"","adv-header-id-meta":"","stick-header-meta":"","header-above-stick-meta":"","header-main-stick-meta":"","header-below-stick-meta":"","footnotes":""},"categories":[1],"tags":[],"_links":{"self":[{"href":"https:\/\/intranet.lubraquim.com.br\/index.php\/wp-json\/wp\/v2\/posts\/5764"}],"collection":[{"href":"https:\/\/intranet.lubraquim.com.br\/index.php\/wp-json\/wp\/v2\/posts"}],"about":[{"href":"https:\/\/intranet.lubraquim.com.br\/index.php\/wp-json\/wp\/v2\/types\/post"}],"author":[{"embeddable":true,"href":"https:\/\/intranet.lubraquim.com.br\/index.php\/wp-json\/wp\/v2\/users\/6"}],"replies":[{"embeddable":true,"href":"https:\/\/intranet.lubraquim.com.br\/index.php\/wp-json\/wp\/v2\/comments?post=5764"}],"version-history":[{"count":3,"href":"https:\/\/intranet.lubraquim.com.br\/index.php\/wp-json\/wp\/v2\/posts\/5764\/revisions"}],"predecessor-version":[{"id":5789,"href":"https:\/\/intranet.lubraquim.com.br\/index.php\/wp-json\/wp\/v2\/posts\/5764\/revisions\/5789"}],"wp:featuredmedia":[{"embeddable":true,"href":"https:\/\/intranet.lubraquim.com.br\/index.php\/wp-json\/wp\/v2\/media\/5768"}],"wp:attachment":[{"href":"https:\/\/intranet.lubraquim.com.br\/index.php\/wp-json\/wp\/v2\/media?parent=5764"}],"wp:term":[{"taxonomy":"category","embeddable":true,"href":"https:\/\/intranet.lubraquim.com.br\/index.php\/wp-json\/wp\/v2\/categories?post=5764"},{"taxonomy":"post_tag","embeddable":true,"href":"https:\/\/intranet.lubraquim.com.br\/index.php\/wp-json\/wp\/v2\/tags?post=5764"}],"curies":[{"name":"wp","href":"https:\/\/api.w.org\/{rel}","templated":true}]}}