{"id":5752,"date":"2021-09-17T08:52:13","date_gmt":"2021-09-17T11:52:13","guid":{"rendered":"http:\/\/intranet.lubraquim.com.br\/?p=5752"},"modified":"2021-09-20T16:24:28","modified_gmt":"2021-09-20T19:24:28","slug":"setembro-amarelo","status":"publish","type":"post","link":"https:\/\/intranet.lubraquim.com.br\/index.php\/2021\/09\/17\/setembro-amarelo\/","title":{"rendered":"Setembro Amarelo"},"content":{"rendered":"\n<figure class=\"wp-block-gallery columns-0 is-cropped wp-block-gallery-1 is-layout-flex wp-block-gallery-is-layout-flex\"><ul class=\"blocks-gallery-grid\"><\/ul><\/figure>\n\n\n\n<p><strong><em>Uma conversa, um abra\u00e7o ou um simples &#8220;estou aqui&#8221;, pode salvar muitas vidas!<\/em><\/strong><\/p>\n\n\n\n<figure class=\"wp-block-image size-large is-resized\"><img decoding=\"async\" loading=\"lazy\" src=\"http:\/\/intranet.lubraquim.com.br\/wp-content\/uploads\/2021\/09\/70e81b86c0d6f2c9c2e03ca32dd7dae65c9c14f3_hq-3.jpg\" alt=\"\" class=\"wp-image-5759\" width=\"296\" height=\"295\" srcset=\"https:\/\/intranet.lubraquim.com.br\/wp-content\/uploads\/2021\/09\/70e81b86c0d6f2c9c2e03ca32dd7dae65c9c14f3_hq-3.jpg 1024w, https:\/\/intranet.lubraquim.com.br\/wp-content\/uploads\/2021\/09\/70e81b86c0d6f2c9c2e03ca32dd7dae65c9c14f3_hq-3-300x300.jpg 300w, https:\/\/intranet.lubraquim.com.br\/wp-content\/uploads\/2021\/09\/70e81b86c0d6f2c9c2e03ca32dd7dae65c9c14f3_hq-3-150x150.jpg 150w, https:\/\/intranet.lubraquim.com.br\/wp-content\/uploads\/2021\/09\/70e81b86c0d6f2c9c2e03ca32dd7dae65c9c14f3_hq-3-768x767.jpg 768w\" sizes=\"(max-width: 296px) 100vw, 296px\" \/><\/figure>\n\n\n\n<p>O setembro amarelo \u00e9 uma campanha de conscientiza\u00e7\u00e3o da popula\u00e7\u00e3o ao redor do tema do suic\u00eddio, pr\u00e1tica geralmente associada a depress\u00e3o. \u00c9 divulgada pela Associa\u00e7\u00e3o Brasileira de Psiquiatria (ABP), pelo Conselho Federal de Medicina (CFM) e pelo Centro de Valoriza\u00e7\u00e3o da Vida (CVV).<\/p>\n\n\n\n<h1 class=\"wp-block-heading\"><em>#SetembroAmarelo #Lubraquim<\/em><\/h1>\n","protected":false},"excerpt":{"rendered":"<p>Uma conversa, um abra\u00e7o ou um simples &#8220;estou aqui&#8221;, pode salvar muitas vidas! O setembro amarelo \u00e9 uma campanha de conscientiza\u00e7\u00e3o da popula\u00e7\u00e3o ao redor do tema do suic\u00eddio, pr\u00e1tica &hellip;<\/p>\n<p class=\"read-more\"> <a class=\"\" href=\"https:\/\/intranet.lubraquim.com.br\/index.php\/2021\/09\/17\/setembro-amarelo\/\"> <span class=\"screen-reader-text\">Setembro Amarelo<\/span> Leia mais &raquo;<\/a><\/p>\n","protected":false},"author":6,"featured_media":5755,"comment_status":"open","ping_status":"open","sticky":false,"template":"","format":"standard","meta":{"site-sidebar-layout":"","site-content-layout":"","ast-main-header-display":"","ast-hfb-above-header-display":"","ast-hfb-below-header-display":"","ast-hfb-mobile-header-display":"","site-post-title":"","ast-breadcrumbs-content":"","ast-featured-img":"","footer-sml-layout":"","theme-transparent-header-meta":"","adv-header-id-meta":"","stick-header-meta":"","header-above-stick-meta":"","header-main-stick-meta":"","header-below-stick-meta":"","footnotes":""},"categories":[1],"tags":[],"_links":{"self":[{"href":"https:\/\/intranet.lubraquim.com.br\/index.php\/wp-json\/wp\/v2\/posts\/5752"}],"collection":[{"href":"https:\/\/intranet.lubraquim.com.br\/index.php\/wp-json\/wp\/v2\/posts"}],"about":[{"href":"https:\/\/intranet.lubraquim.com.br\/index.php\/wp-json\/wp\/v2\/types\/post"}],"author":[{"embeddable":true,"href":"https:\/\/intranet.lubraquim.com.br\/index.php\/wp-json\/wp\/v2\/users\/6"}],"replies":[{"embeddable":true,"href":"https:\/\/intranet.lubraquim.com.br\/index.php\/wp-json\/wp\/v2\/comments?post=5752"}],"version-history":[{"count":3,"href":"https:\/\/intranet.lubraquim.com.br\/index.php\/wp-json\/wp\/v2\/posts\/5752\/revisions"}],"predecessor-version":[{"id":5769,"href":"https:\/\/intranet.lubraquim.com.br\/index.php\/wp-json\/wp\/v2\/posts\/5752\/revisions\/5769"}],"wp:featuredmedia":[{"embeddable":true,"href":"https:\/\/intranet.lubraquim.com.br\/index.php\/wp-json\/wp\/v2\/media\/5755"}],"wp:attachment":[{"href":"https:\/\/intranet.lubraquim.com.br\/index.php\/wp-json\/wp\/v2\/media?parent=5752"}],"wp:term":[{"taxonomy":"category","embeddable":true,"href":"https:\/\/intranet.lubraquim.com.br\/index.php\/wp-json\/wp\/v2\/categories?post=5752"},{"taxonomy":"post_tag","embeddable":true,"href":"https:\/\/intranet.lubraquim.com.br\/index.php\/wp-json\/wp\/v2\/tags?post=5752"}],"curies":[{"name":"wp","href":"https:\/\/api.w.org\/{rel}","templated":true}]}}