{"id":5728,"date":"2021-09-03T15:54:52","date_gmt":"2021-09-03T18:54:52","guid":{"rendered":"http:\/\/intranet.lubraquim.com.br\/?p=5728"},"modified":"2021-09-03T15:54:54","modified_gmt":"2021-09-03T18:54:54","slug":"dia-da-independencia-do-brasil","status":"publish","type":"post","link":"https:\/\/intranet.lubraquim.com.br\/index.php\/2021\/09\/03\/dia-da-independencia-do-brasil\/","title":{"rendered":"Dia da Independ\u00eancia do Brasil"},"content":{"rendered":"\n<p><strong>Informamos que nos dias 06 e 07 de Setembro n\u00e3o trabalharemos.<\/strong>                       Sendo o dia 06\/09\/2021 descontado de suas pr\u00f3ximas f\u00e9rias respectivas.<\/p>\n\n\n\n<p><\/p>\n\n\n\n<figure class=\"wp-block-image size-large\"><img decoding=\"async\" loading=\"lazy\" width=\"1024\" height=\"800\" src=\"http:\/\/intranet.lubraquim.com.br\/wp-content\/uploads\/2021\/09\/7-Setembro-Hasteamento-Bandeiras-2018-guiaGuaira-1024x800.jpg\" alt=\"\" class=\"wp-image-5729\" srcset=\"https:\/\/intranet.lubraquim.com.br\/wp-content\/uploads\/2021\/09\/7-Setembro-Hasteamento-Bandeiras-2018-guiaGuaira-1024x800.jpg 1024w, https:\/\/intranet.lubraquim.com.br\/wp-content\/uploads\/2021\/09\/7-Setembro-Hasteamento-Bandeiras-2018-guiaGuaira-300x234.jpg 300w, https:\/\/intranet.lubraquim.com.br\/wp-content\/uploads\/2021\/09\/7-Setembro-Hasteamento-Bandeiras-2018-guiaGuaira-768x600.jpg 768w, https:\/\/intranet.lubraquim.com.br\/wp-content\/uploads\/2021\/09\/7-Setembro-Hasteamento-Bandeiras-2018-guiaGuaira-1536x1200.jpg 1536w, https:\/\/intranet.lubraquim.com.br\/wp-content\/uploads\/2021\/09\/7-Setembro-Hasteamento-Bandeiras-2018-guiaGuaira.jpg 1600w\" sizes=\"(max-width: 1024px) 100vw, 1024px\" \/><\/figure>\n\n\n\n<p> O\u00a0<strong>Dia da Independ\u00eancia<\/strong>\u00a0(tamb\u00e9m chamado\u00a0<strong>Dia da Independ\u00eancia do Brasil<\/strong>,\u00a0<strong>Sete<\/strong>\u00a0<strong>de setembro<\/strong>, e\u00a0<strong>Dia da P\u00e1tria<\/strong>) \u00e9 um\u00a0feriado nacional\u00a0do Brasil celebrado no dia <strong>7 de Setembro<\/strong> de cada ano. <\/p>\n\n\n\n<p>A data comemora a Declara\u00e7\u00e3o de<strong> Independ\u00eancia do Brasil<\/strong> do\u00a0Imp\u00e9rio Portugu\u00eas no dia <strong>7 de setembro<\/strong> de <strong>1822<\/strong>.<\/p>\n\n\n\n<p>Desejamos a todos um \u00f3timo descanso e um excelente feriado. \ud83d\ude0a <\/p>\n\n\n\n<p><\/p>\n\n\n\n<p> <\/p>\n","protected":false},"excerpt":{"rendered":"<p>Informamos que nos dias 06 e 07 de Setembro n\u00e3o trabalharemos. Sendo o dia 06\/09\/2021 descontado de suas pr\u00f3ximas f\u00e9rias respectivas. O\u00a0Dia da Independ\u00eancia\u00a0(tamb\u00e9m chamado\u00a0Dia da Independ\u00eancia do Brasil,\u00a0Sete\u00a0de setembro, &hellip;<\/p>\n<p class=\"read-more\"> <a class=\"\" href=\"https:\/\/intranet.lubraquim.com.br\/index.php\/2021\/09\/03\/dia-da-independencia-do-brasil\/\"> <span class=\"screen-reader-text\">Dia da Independ\u00eancia do Brasil<\/span> Leia mais &raquo;<\/a><\/p>\n","protected":false},"author":6,"featured_media":5730,"comment_status":"open","ping_status":"open","sticky":false,"template":"","format":"standard","meta":{"site-sidebar-layout":"","site-content-layout":"","ast-main-header-display":"","ast-hfb-above-header-display":"","ast-hfb-below-header-display":"","ast-hfb-mobile-header-display":"","site-post-title":"","ast-breadcrumbs-content":"","ast-featured-img":"","footer-sml-layout":"","theme-transparent-header-meta":"","adv-header-id-meta":"","stick-header-meta":"","header-above-stick-meta":"","header-main-stick-meta":"","header-below-stick-meta":"","footnotes":""},"categories":[1],"tags":[],"_links":{"self":[{"href":"https:\/\/intranet.lubraquim.com.br\/index.php\/wp-json\/wp\/v2\/posts\/5728"}],"collection":[{"href":"https:\/\/intranet.lubraquim.com.br\/index.php\/wp-json\/wp\/v2\/posts"}],"about":[{"href":"https:\/\/intranet.lubraquim.com.br\/index.php\/wp-json\/wp\/v2\/types\/post"}],"author":[{"embeddable":true,"href":"https:\/\/intranet.lubraquim.com.br\/index.php\/wp-json\/wp\/v2\/users\/6"}],"replies":[{"embeddable":true,"href":"https:\/\/intranet.lubraquim.com.br\/index.php\/wp-json\/wp\/v2\/comments?post=5728"}],"version-history":[{"count":1,"href":"https:\/\/intranet.lubraquim.com.br\/index.php\/wp-json\/wp\/v2\/posts\/5728\/revisions"}],"predecessor-version":[{"id":5731,"href":"https:\/\/intranet.lubraquim.com.br\/index.php\/wp-json\/wp\/v2\/posts\/5728\/revisions\/5731"}],"wp:featuredmedia":[{"embeddable":true,"href":"https:\/\/intranet.lubraquim.com.br\/index.php\/wp-json\/wp\/v2\/media\/5730"}],"wp:attachment":[{"href":"https:\/\/intranet.lubraquim.com.br\/index.php\/wp-json\/wp\/v2\/media?parent=5728"}],"wp:term":[{"taxonomy":"category","embeddable":true,"href":"https:\/\/intranet.lubraquim.com.br\/index.php\/wp-json\/wp\/v2\/categories?post=5728"},{"taxonomy":"post_tag","embeddable":true,"href":"https:\/\/intranet.lubraquim.com.br\/index.php\/wp-json\/wp\/v2\/tags?post=5728"}],"curies":[{"name":"wp","href":"https:\/\/api.w.org\/{rel}","templated":true}]}}