{"id":5676,"date":"2021-08-05T16:32:18","date_gmt":"2021-08-05T19:32:18","guid":{"rendered":"http:\/\/intranet.lubraquim.com.br\/?p=5676"},"modified":"2021-08-05T16:32:21","modified_gmt":"2021-08-05T19:32:21","slug":"feliz-dia-dos-pais","status":"publish","type":"post","link":"https:\/\/intranet.lubraquim.com.br\/index.php\/2021\/08\/05\/feliz-dia-dos-pais\/","title":{"rendered":"FELIZ DIA DOS PAIS"},"content":{"rendered":"\n<figure class=\"wp-block-gallery columns-1 is-cropped wp-block-gallery-1 is-layout-flex wp-block-gallery-is-layout-flex\"><ul class=\"blocks-gallery-grid\"><li class=\"blocks-gallery-item\"><figure><img decoding=\"async\" loading=\"lazy\" width=\"640\" height=\"480\" src=\"http:\/\/intranet.lubraquim.com.br\/wp-content\/uploads\/2021\/08\/pai-1.jpg\" alt=\"\" data-id=\"5680\" data-full-url=\"http:\/\/intranet.lubraquim.com.br\/wp-content\/uploads\/2021\/08\/pai-1.jpg\" data-link=\"http:\/\/intranet.lubraquim.com.br\/?attachment_id=5680\" class=\"wp-image-5680\" srcset=\"https:\/\/intranet.lubraquim.com.br\/wp-content\/uploads\/2021\/08\/pai-1.jpg 640w, https:\/\/intranet.lubraquim.com.br\/wp-content\/uploads\/2021\/08\/pai-1-300x225.jpg 300w\" sizes=\"(max-width: 640px) 100vw, 640px\" \/><\/figure><\/li><\/ul><\/figure>\n\n\n\n<p>A quem nunca voltou as costas; a quem ama incondicionalmente; a quem luta por uma vida melhor para seus filhos dia ap\u00f3s dia eu ofere\u00e7o minha gratid\u00e3o. \u00c9 \u00f3timo existirem seres humanos assim t\u00e3o belos, t\u00e3o geniais.<\/p>\n\n\n\n<p>Continuem essa luta, essa batalha di\u00e1ria. Sim, porque educar n\u00e3o \u00e9 tarefa f\u00e1cil. \u00c9 muito bonito ter um filho, mas cuidar e amar e ensinar e guiar n\u00e3o \u00e9 uma miss\u00e3o ao alcance de todas as pessoas. \u00c9 sim uma miss\u00e3o ao alcance dos melhores pais.<\/p>\n\n\n\n<p>Aproveitem este dia junto de quem mais amam: seus filhos.<br>N\u00e3o baixem os bra\u00e7os perante as dificuldades.<br>Amem, cuidem e deixem-se amar.<\/p>\n\n\n\n<p><strong>Feliz Dia dos Pais<\/strong>. <\/p>\n\n\n\n<figure class=\"wp-block-gallery columns-0 is-cropped wp-block-gallery-3 is-layout-flex wp-block-gallery-is-layout-flex\"><ul class=\"blocks-gallery-grid\"><\/ul><\/figure>\n","protected":false},"excerpt":{"rendered":"<p>A quem nunca voltou as costas; a quem ama incondicionalmente; a quem luta por uma vida melhor para seus filhos dia ap\u00f3s dia eu ofere\u00e7o minha gratid\u00e3o. \u00c9 \u00f3timo existirem &hellip;<\/p>\n<p class=\"read-more\"> <a class=\"\" href=\"https:\/\/intranet.lubraquim.com.br\/index.php\/2021\/08\/05\/feliz-dia-dos-pais\/\"> <span class=\"screen-reader-text\">FELIZ DIA DOS PAIS<\/span> Leia mais &raquo;<\/a><\/p>\n","protected":false},"author":6,"featured_media":5677,"comment_status":"open","ping_status":"open","sticky":false,"template":"","format":"standard","meta":{"site-sidebar-layout":"","site-content-layout":"","ast-main-header-display":"","ast-hfb-above-header-display":"","ast-hfb-below-header-display":"","ast-hfb-mobile-header-display":"","site-post-title":"","ast-breadcrumbs-content":"","ast-featured-img":"","footer-sml-layout":"","theme-transparent-header-meta":"","adv-header-id-meta":"","stick-header-meta":"","header-above-stick-meta":"","header-main-stick-meta":"","header-below-stick-meta":"","footnotes":""},"categories":[1],"tags":[],"_links":{"self":[{"href":"https:\/\/intranet.lubraquim.com.br\/index.php\/wp-json\/wp\/v2\/posts\/5676"}],"collection":[{"href":"https:\/\/intranet.lubraquim.com.br\/index.php\/wp-json\/wp\/v2\/posts"}],"about":[{"href":"https:\/\/intranet.lubraquim.com.br\/index.php\/wp-json\/wp\/v2\/types\/post"}],"author":[{"embeddable":true,"href":"https:\/\/intranet.lubraquim.com.br\/index.php\/wp-json\/wp\/v2\/users\/6"}],"replies":[{"embeddable":true,"href":"https:\/\/intranet.lubraquim.com.br\/index.php\/wp-json\/wp\/v2\/comments?post=5676"}],"version-history":[{"count":1,"href":"https:\/\/intranet.lubraquim.com.br\/index.php\/wp-json\/wp\/v2\/posts\/5676\/revisions"}],"predecessor-version":[{"id":5681,"href":"https:\/\/intranet.lubraquim.com.br\/index.php\/wp-json\/wp\/v2\/posts\/5676\/revisions\/5681"}],"wp:featuredmedia":[{"embeddable":true,"href":"https:\/\/intranet.lubraquim.com.br\/index.php\/wp-json\/wp\/v2\/media\/5677"}],"wp:attachment":[{"href":"https:\/\/intranet.lubraquim.com.br\/index.php\/wp-json\/wp\/v2\/media?parent=5676"}],"wp:term":[{"taxonomy":"category","embeddable":true,"href":"https:\/\/intranet.lubraquim.com.br\/index.php\/wp-json\/wp\/v2\/categories?post=5676"},{"taxonomy":"post_tag","embeddable":true,"href":"https:\/\/intranet.lubraquim.com.br\/index.php\/wp-json\/wp\/v2\/tags?post=5676"}],"curies":[{"name":"wp","href":"https:\/\/api.w.org\/{rel}","templated":true}]}}