{"id":5648,"date":"2021-07-30T15:59:14","date_gmt":"2021-07-30T18:59:14","guid":{"rendered":"http:\/\/intranet.lubraquim.com.br\/?p=5648"},"modified":"2021-07-30T16:00:39","modified_gmt":"2021-07-30T19:00:39","slug":"adiamento-abono-salarial-pis","status":"publish","type":"post","link":"https:\/\/intranet.lubraquim.com.br\/index.php\/2021\/07\/30\/adiamento-abono-salarial-pis\/","title":{"rendered":"Adiamento Abono Salarial &#8211;  PIS"},"content":{"rendered":"\n<p>Apenas para informar que o pagamento do PIS (ABONO SALARIAL) anual de 2020 que come\u00e7aria a ser pago agora no m\u00eas de julho de 2021, devido a pandemia foi adiado para 2022. Estou informando pois alguns colaboradores est\u00e3o indo at\u00e9 a CEF para saber a data de pagamento e est\u00e3o recebendo algumas informa\u00e7\u00f5es divergentes.<\/p>\n\n\n\n<p>Para orientar vou deixar abaixo uma mat\u00e9ria informando o que \u00e9 o PIS&nbsp; e quem teria direito e logo abaixo um comunicado do adiamento do pagamento:<\/p>\n\n\n\n<p><strong>Abono<\/strong>&nbsp;salarial \u2013 O benef\u00edcio do&nbsp;<strong>Abono<\/strong>&nbsp;Salarial assegura o valor de um sal\u00e1rio m\u00ednimo anual aos trabalhadores brasileiros que recebem em m\u00e9dia at\u00e9 dois sal\u00e1rios m\u00ednimos de remunera\u00e7\u00e3o mensal de empregadores que contribuem para o Programa de Integra\u00e7\u00e3o Social (<strong>PIS<\/strong>) .<\/p>\n\n\n\n<h1 class=\"wp-block-heading\">Calend\u00e1rio de pagamento do PIS 2021 \u00e9 adiado para 2022<\/h1>\n\n\n\n<p>Na espera da antecipa\u00e7\u00e3o do calend\u00e1rio do Pis 2021, trabalhadores v\u00e3o ter que aguardar at\u00e9 o pr\u00f3ximo ano para receber o abono salarial. Pagamentos devem iniciar s\u00f3 em janeiro de 2022.<\/p>\n\n\n\n<p>Os trabalhadores que aguardavam pela antecipa\u00e7\u00e3o do&nbsp;<strong>abono Pis\/Pasep<\/strong>&nbsp;v\u00e3o ter que esperar at\u00e9 o pr\u00f3ximo ano para receber o benef\u00edcio. Em decis\u00e3o un\u00e2nime do Conselho Deliberativo do Fundo de Amparo ao Trabalhador (Codefat), os representantes dos trabalhadores, empregadores e do governo optaram por adiar o calend\u00e1rio do pr\u00f3ximo Pis\/Pasep para 2022.<\/p>\n\n\n\n<p>O benef\u00edcio seria pago a partir de julho deste ano para os brasileiros que trabalharam com carteira assinada em 2020. Milh\u00f5es de pessoas esperavam at\u00e9 mesmo receber os valores antes do previsto, uma vez que o Minist\u00e9rio da Economia tinha a&nbsp;<a href=\"https:\/\/www.acheconcursos.com.br\/beneficios-sociais\/governo-vai-antecipar-13-salario-do-inss-e-abono-salarial-2021-46256\">antecipa\u00e7\u00e3o do Pis como uma das medidas de recupera\u00e7\u00e3o econ\u00f4mica<\/a>&nbsp;durante a pandemia.<\/p>\n\n\n\n<p>Habitualmente, os pagamentos iniciam no segundo semestre e seguem at\u00e9 o primeiro semestre do ano seguinte. Os dep\u00f3sitos do calend\u00e1rio Pis\/Pasep 2020\/2021, referente a quem trabalhou em 2019, iniciaram em junho do ano passado para quem era correntista da Caixa e do Banco do Brasil e seguiu a partir de julho com cr\u00e9dito de acordo com o m\u00eas de nascimento do trabalhador. Os pagamentos seguiriam at\u00e9 mar\u00e7o para os nascidos em maio e junho, mas por decis\u00e3o do governo o calend\u00e1rio foi antecipado para fevereiro.<\/p>\n","protected":false},"excerpt":{"rendered":"<p>Apenas para informar que o pagamento do PIS (ABONO SALARIAL) anual de 2020 que come\u00e7aria a ser pago agora no m\u00eas de julho de 2021, devido a pandemia foi adiado &hellip;<\/p>\n<p class=\"read-more\"> <a class=\"\" href=\"https:\/\/intranet.lubraquim.com.br\/index.php\/2021\/07\/30\/adiamento-abono-salarial-pis\/\"> <span class=\"screen-reader-text\">Adiamento Abono Salarial &#8211;  PIS<\/span> Leia mais &raquo;<\/a><\/p>\n","protected":false},"author":5,"featured_media":5651,"comment_status":"open","ping_status":"open","sticky":false,"template":"","format":"standard","meta":{"site-sidebar-layout":"","site-content-layout":"","ast-main-header-display":"","ast-hfb-above-header-display":"","ast-hfb-below-header-display":"","ast-hfb-mobile-header-display":"","site-post-title":"","ast-breadcrumbs-content":"","ast-featured-img":"","footer-sml-layout":"","theme-transparent-header-meta":"","adv-header-id-meta":"","stick-header-meta":"","header-above-stick-meta":"","header-main-stick-meta":"","header-below-stick-meta":"","footnotes":""},"categories":[1],"tags":[],"_links":{"self":[{"href":"https:\/\/intranet.lubraquim.com.br\/index.php\/wp-json\/wp\/v2\/posts\/5648"}],"collection":[{"href":"https:\/\/intranet.lubraquim.com.br\/index.php\/wp-json\/wp\/v2\/posts"}],"about":[{"href":"https:\/\/intranet.lubraquim.com.br\/index.php\/wp-json\/wp\/v2\/types\/post"}],"author":[{"embeddable":true,"href":"https:\/\/intranet.lubraquim.com.br\/index.php\/wp-json\/wp\/v2\/users\/5"}],"replies":[{"embeddable":true,"href":"https:\/\/intranet.lubraquim.com.br\/index.php\/wp-json\/wp\/v2\/comments?post=5648"}],"version-history":[{"count":2,"href":"https:\/\/intranet.lubraquim.com.br\/index.php\/wp-json\/wp\/v2\/posts\/5648\/revisions"}],"predecessor-version":[{"id":5652,"href":"https:\/\/intranet.lubraquim.com.br\/index.php\/wp-json\/wp\/v2\/posts\/5648\/revisions\/5652"}],"wp:featuredmedia":[{"embeddable":true,"href":"https:\/\/intranet.lubraquim.com.br\/index.php\/wp-json\/wp\/v2\/media\/5651"}],"wp:attachment":[{"href":"https:\/\/intranet.lubraquim.com.br\/index.php\/wp-json\/wp\/v2\/media?parent=5648"}],"wp:term":[{"taxonomy":"category","embeddable":true,"href":"https:\/\/intranet.lubraquim.com.br\/index.php\/wp-json\/wp\/v2\/categories?post=5648"},{"taxonomy":"post_tag","embeddable":true,"href":"https:\/\/intranet.lubraquim.com.br\/index.php\/wp-json\/wp\/v2\/tags?post=5648"}],"curies":[{"name":"wp","href":"https:\/\/api.w.org\/{rel}","templated":true}]}}