{"id":5582,"date":"2021-06-30T14:43:58","date_gmt":"2021-06-30T17:43:58","guid":{"rendered":"http:\/\/intranet.lubraquim.com.br\/?p=5582"},"modified":"2021-06-30T14:44:00","modified_gmt":"2021-06-30T17:44:00","slug":"feriado-revolucao-constitucionalista-de-1932","status":"publish","type":"post","link":"https:\/\/intranet.lubraquim.com.br\/index.php\/2021\/06\/30\/feriado-revolucao-constitucionalista-de-1932\/","title":{"rendered":"Feriado Revolu\u00e7\u00e3o Constitucionalista de 1932"},"content":{"rendered":"\n<p>Dia\u00a0<strong>9 de julho<\/strong>\u00a0&#8211; data muito importante em muitos lugares, incluindo no Brasil. Tamb\u00e9m conhecida por Dia do Soldado Constitucionalista, esta data \u00e9 uma homenagem ao movimento contra ditadura de Get\u00falio Vargas, realizado em 1932 pelos paulistas.<\/p>\n\n\n\n<p>Portanto dia 09 de julho aqui em S\u00e3o Paulo \u00e9<strong> Feriado,<\/strong> desejamos a todos um \u00f3timo descanso nesta data.<\/p>\n\n\n\n<p><\/p>\n","protected":false},"excerpt":{"rendered":"<p>Dia\u00a09 de julho\u00a0&#8211; data muito importante em muitos lugares, incluindo no Brasil. Tamb\u00e9m conhecida por Dia do Soldado Constitucionalista, esta data \u00e9 uma homenagem ao movimento contra ditadura de Get\u00falio &hellip;<\/p>\n<p class=\"read-more\"> <a class=\"\" href=\"https:\/\/intranet.lubraquim.com.br\/index.php\/2021\/06\/30\/feriado-revolucao-constitucionalista-de-1932\/\"> <span class=\"screen-reader-text\">Feriado Revolu\u00e7\u00e3o Constitucionalista de 1932<\/span> Leia mais &raquo;<\/a><\/p>\n","protected":false},"author":5,"featured_media":5583,"comment_status":"open","ping_status":"open","sticky":false,"template":"","format":"standard","meta":{"site-sidebar-layout":"","site-content-layout":"","ast-main-header-display":"","ast-hfb-above-header-display":"","ast-hfb-below-header-display":"","ast-hfb-mobile-header-display":"","site-post-title":"","ast-breadcrumbs-content":"","ast-featured-img":"","footer-sml-layout":"","theme-transparent-header-meta":"","adv-header-id-meta":"","stick-header-meta":"","header-above-stick-meta":"","header-main-stick-meta":"","header-below-stick-meta":"","footnotes":""},"categories":[1],"tags":[],"_links":{"self":[{"href":"https:\/\/intranet.lubraquim.com.br\/index.php\/wp-json\/wp\/v2\/posts\/5582"}],"collection":[{"href":"https:\/\/intranet.lubraquim.com.br\/index.php\/wp-json\/wp\/v2\/posts"}],"about":[{"href":"https:\/\/intranet.lubraquim.com.br\/index.php\/wp-json\/wp\/v2\/types\/post"}],"author":[{"embeddable":true,"href":"https:\/\/intranet.lubraquim.com.br\/index.php\/wp-json\/wp\/v2\/users\/5"}],"replies":[{"embeddable":true,"href":"https:\/\/intranet.lubraquim.com.br\/index.php\/wp-json\/wp\/v2\/comments?post=5582"}],"version-history":[{"count":1,"href":"https:\/\/intranet.lubraquim.com.br\/index.php\/wp-json\/wp\/v2\/posts\/5582\/revisions"}],"predecessor-version":[{"id":5584,"href":"https:\/\/intranet.lubraquim.com.br\/index.php\/wp-json\/wp\/v2\/posts\/5582\/revisions\/5584"}],"wp:featuredmedia":[{"embeddable":true,"href":"https:\/\/intranet.lubraquim.com.br\/index.php\/wp-json\/wp\/v2\/media\/5583"}],"wp:attachment":[{"href":"https:\/\/intranet.lubraquim.com.br\/index.php\/wp-json\/wp\/v2\/media?parent=5582"}],"wp:term":[{"taxonomy":"category","embeddable":true,"href":"https:\/\/intranet.lubraquim.com.br\/index.php\/wp-json\/wp\/v2\/categories?post=5582"},{"taxonomy":"post_tag","embeddable":true,"href":"https:\/\/intranet.lubraquim.com.br\/index.php\/wp-json\/wp\/v2\/tags?post=5582"}],"curies":[{"name":"wp","href":"https:\/\/api.w.org\/{rel}","templated":true}]}}