{"id":5572,"date":"2021-06-30T09:21:55","date_gmt":"2021-06-30T12:21:55","guid":{"rendered":"http:\/\/intranet.lubraquim.com.br\/?p=5572"},"modified":"2021-06-30T09:21:57","modified_gmt":"2021-06-30T12:21:57","slug":"vacina-covid-19","status":"publish","type":"post","link":"https:\/\/intranet.lubraquim.com.br\/index.php\/2021\/06\/30\/vacina-covid-19\/","title":{"rendered":"Vacina Covid-19"},"content":{"rendered":"\n<p>Com a chegada da vacina Covid-19,  informamos que a empresa nos ajudar\u00e1 da seguinte forma: o colaborador que for tom\u00e1-la a Lubraquim\/ Carayba abonar\u00e1 em at\u00e9 1,0 hora do seu hor\u00e1rio de trabalho,  mediante apresenta\u00e7\u00e3o da carteirinha de vacina\u00e7\u00e3o.<\/p>\n\n\n\n<p><strong>Lembrando tamb\u00e9m que aos s\u00e1bados a vacina est\u00e1 dispon\u00edvel.<\/strong><\/p>\n\n\n\n<p>Para os que forem tomar em dias da semana, favor programar seu hor\u00e1rio junto ao RH e com seu  gestor.<\/p>\n","protected":false},"excerpt":{"rendered":"<p>Com a chegada da vacina Covid-19, informamos que a empresa nos ajudar\u00e1 da seguinte forma: o colaborador que for tom\u00e1-la a Lubraquim\/ Carayba abonar\u00e1 em at\u00e9 1,0 hora do seu &hellip;<\/p>\n<p class=\"read-more\"> <a class=\"\" href=\"https:\/\/intranet.lubraquim.com.br\/index.php\/2021\/06\/30\/vacina-covid-19\/\"> <span class=\"screen-reader-text\">Vacina Covid-19<\/span> Leia mais &raquo;<\/a><\/p>\n","protected":false},"author":5,"featured_media":5574,"comment_status":"open","ping_status":"open","sticky":false,"template":"","format":"standard","meta":{"site-sidebar-layout":"","site-content-layout":"","ast-main-header-display":"","ast-hfb-above-header-display":"","ast-hfb-below-header-display":"","ast-hfb-mobile-header-display":"","site-post-title":"","ast-breadcrumbs-content":"","ast-featured-img":"","footer-sml-layout":"","theme-transparent-header-meta":"","adv-header-id-meta":"","stick-header-meta":"","header-above-stick-meta":"","header-main-stick-meta":"","header-below-stick-meta":"","footnotes":""},"categories":[1],"tags":[],"_links":{"self":[{"href":"https:\/\/intranet.lubraquim.com.br\/index.php\/wp-json\/wp\/v2\/posts\/5572"}],"collection":[{"href":"https:\/\/intranet.lubraquim.com.br\/index.php\/wp-json\/wp\/v2\/posts"}],"about":[{"href":"https:\/\/intranet.lubraquim.com.br\/index.php\/wp-json\/wp\/v2\/types\/post"}],"author":[{"embeddable":true,"href":"https:\/\/intranet.lubraquim.com.br\/index.php\/wp-json\/wp\/v2\/users\/5"}],"replies":[{"embeddable":true,"href":"https:\/\/intranet.lubraquim.com.br\/index.php\/wp-json\/wp\/v2\/comments?post=5572"}],"version-history":[{"count":1,"href":"https:\/\/intranet.lubraquim.com.br\/index.php\/wp-json\/wp\/v2\/posts\/5572\/revisions"}],"predecessor-version":[{"id":5575,"href":"https:\/\/intranet.lubraquim.com.br\/index.php\/wp-json\/wp\/v2\/posts\/5572\/revisions\/5575"}],"wp:featuredmedia":[{"embeddable":true,"href":"https:\/\/intranet.lubraquim.com.br\/index.php\/wp-json\/wp\/v2\/media\/5574"}],"wp:attachment":[{"href":"https:\/\/intranet.lubraquim.com.br\/index.php\/wp-json\/wp\/v2\/media?parent=5572"}],"wp:term":[{"taxonomy":"category","embeddable":true,"href":"https:\/\/intranet.lubraquim.com.br\/index.php\/wp-json\/wp\/v2\/categories?post=5572"},{"taxonomy":"post_tag","embeddable":true,"href":"https:\/\/intranet.lubraquim.com.br\/index.php\/wp-json\/wp\/v2\/tags?post=5572"}],"curies":[{"name":"wp","href":"https:\/\/api.w.org\/{rel}","templated":true}]}}