{"id":5558,"date":"2021-06-24T10:58:44","date_gmt":"2021-06-24T13:58:44","guid":{"rendered":"http:\/\/intranet.lubraquim.com.br\/?p=5558"},"modified":"2021-07-19T12:01:10","modified_gmt":"2021-07-19T15:01:10","slug":"eleicao-cipa-2021-2022","status":"publish","type":"post","link":"https:\/\/intranet.lubraquim.com.br\/index.php\/2021\/06\/24\/eleicao-cipa-2021-2022\/","title":{"rendered":"ELEI\u00c7\u00c3O CIPA 2021\/2022"},"content":{"rendered":"\n<p>Ocorreu no ultimo dia 21\/06\/2021 das 14:00 \u00e0s 14:40 a elei\u00e7\u00e3o da CIPA 2021\/2022 da Lubraquim.<\/p>\n\n\n\n<p>Abaixo Resultado final:<\/p>\n\n\n\n<p class=\"has-text-align-center\"><strong>REPRESENTANTES DOS FUNCIONARIOS<\/strong><\/p>\n\n\n\n<figure class=\"wp-block-table\"><table><tbody><tr><td class=\"has-text-align-center\" data-align=\"center\"><strong>NOME<\/strong><\/td><td class=\"has-text-align-center\" data-align=\"center\"><strong>VOTOS<\/strong><\/td><td class=\"has-text-align-center\" data-align=\"center\"><strong>CARGO<\/strong><\/td><\/tr><tr><td class=\"has-text-align-center\" data-align=\"center\">Adriano Sendon Garrido<\/td><td class=\"has-text-align-center\" data-align=\"center\">16<\/td><td class=\"has-text-align-center\" data-align=\"center\">Vice Presidente<\/td><\/tr><tr><td class=\"has-text-align-center\" data-align=\"center\">Jose da Silva Araujo<\/td><td class=\"has-text-align-center\" data-align=\"center\">8<\/td><td class=\"has-text-align-center\" data-align=\"center\">1\u00ba Suplente<\/td><\/tr><\/tbody><\/table><\/figure>\n\n\n\n<p class=\"has-text-align-center\"><strong>REPRESENTATES DO EMPREGADOR<\/strong><\/p>\n\n\n\n<figure class=\"wp-block-table\"><table><tbody><tr><td><strong>Nome<\/strong><\/td><td><strong>Cargo<\/strong><\/td><\/tr><tr><td>Givanildo Jos\u00e9 da Silva<\/td><td>Presidente<\/td><\/tr><tr><td>Sonia Regina Manaf<\/td><td>Secret\u00e1rio(a)<\/td><\/tr><tr><td>Reinaldo Cerchiaro<\/td><td>Vice-Secret\u00e1rio<\/td><\/tr><\/tbody><\/table><\/figure>\n\n\n\n<figure class=\"wp-block-image size-large is-resized\"><img decoding=\"async\" loading=\"lazy\" src=\"http:\/\/intranet.lubraquim.com.br\/wp-content\/uploads\/2021\/06\/Eleicao-Cipa-2021-6-1024x768.jpeg\" alt=\"\" class=\"wp-image-5556\" width=\"580\" height=\"435\" srcset=\"https:\/\/intranet.lubraquim.com.br\/wp-content\/uploads\/2021\/06\/Eleicao-Cipa-2021-6-1024x768.jpeg 1024w, https:\/\/intranet.lubraquim.com.br\/wp-content\/uploads\/2021\/06\/Eleicao-Cipa-2021-6-300x225.jpeg 300w, https:\/\/intranet.lubraquim.com.br\/wp-content\/uploads\/2021\/06\/Eleicao-Cipa-2021-6-768x576.jpeg 768w, https:\/\/intranet.lubraquim.com.br\/wp-content\/uploads\/2021\/06\/Eleicao-Cipa-2021-6.jpeg 1280w\" sizes=\"(max-width: 580px) 100vw, 580px\" \/><figcaption>ABERTURA DA ELEI\u00c7\u00c3O CIPA 2021\/2022<\/figcaption><\/figure>\n\n\n\n<figure class=\"wp-block-image size-large is-resized\"><img decoding=\"async\" loading=\"lazy\" src=\"http:\/\/intranet.lubraquim.com.br\/wp-content\/uploads\/2021\/06\/Eleicao-Cipa-2021-2-1024x768.jpeg\" alt=\"\" class=\"wp-image-5553\" width=\"580\" height=\"435\" srcset=\"https:\/\/intranet.lubraquim.com.br\/wp-content\/uploads\/2021\/06\/Eleicao-Cipa-2021-2-1024x768.jpeg 1024w, https:\/\/intranet.lubraquim.com.br\/wp-content\/uploads\/2021\/06\/Eleicao-Cipa-2021-2-300x225.jpeg 300w, https:\/\/intranet.lubraquim.com.br\/wp-content\/uploads\/2021\/06\/Eleicao-Cipa-2021-2-768x576.jpeg 768w, https:\/\/intranet.lubraquim.com.br\/wp-content\/uploads\/2021\/06\/Eleicao-Cipa-2021-2.jpeg 1280w\" sizes=\"(max-width: 580px) 100vw, 580px\" \/><figcaption>VOTA\u00c7\u00c3O<\/figcaption><\/figure>\n\n\n\n<figure class=\"wp-block-image size-large is-resized\"><img decoding=\"async\" loading=\"lazy\" src=\"http:\/\/intranet.lubraquim.com.br\/wp-content\/uploads\/2021\/06\/Eleicao-Cipa-2021-5-1024x768.jpeg\" alt=\"\" class=\"wp-image-5555\" width=\"580\" height=\"435\" srcset=\"https:\/\/intranet.lubraquim.com.br\/wp-content\/uploads\/2021\/06\/Eleicao-Cipa-2021-5-1024x768.jpeg 1024w, https:\/\/intranet.lubraquim.com.br\/wp-content\/uploads\/2021\/06\/Eleicao-Cipa-2021-5-300x225.jpeg 300w, https:\/\/intranet.lubraquim.com.br\/wp-content\/uploads\/2021\/06\/Eleicao-Cipa-2021-5-768x576.jpeg 768w, https:\/\/intranet.lubraquim.com.br\/wp-content\/uploads\/2021\/06\/Eleicao-Cipa-2021-5.jpeg 1280w\" sizes=\"(max-width: 580px) 100vw, 580px\" \/><figcaption>VOTA\u00c7\u00c3O<\/figcaption><\/figure>\n\n\n\n<figure class=\"wp-block-image size-large is-resized\"><img decoding=\"async\" loading=\"lazy\" src=\"http:\/\/intranet.lubraquim.com.br\/wp-content\/uploads\/2021\/06\/Eleicao-Cipa-2021-3-1024x768.jpeg\" alt=\"\" class=\"wp-image-5554\" width=\"580\" height=\"435\" srcset=\"https:\/\/intranet.lubraquim.com.br\/wp-content\/uploads\/2021\/06\/Eleicao-Cipa-2021-3-1024x768.jpeg 1024w, https:\/\/intranet.lubraquim.com.br\/wp-content\/uploads\/2021\/06\/Eleicao-Cipa-2021-3-300x225.jpeg 300w, https:\/\/intranet.lubraquim.com.br\/wp-content\/uploads\/2021\/06\/Eleicao-Cipa-2021-3-768x576.jpeg 768w, https:\/\/intranet.lubraquim.com.br\/wp-content\/uploads\/2021\/06\/Eleicao-Cipa-2021-3.jpeg 1280w\" sizes=\"(max-width: 580px) 100vw, 580px\" \/><figcaption>VOTA\u00c7\u00c3O<\/figcaption><\/figure>\n\n\n\n<figure class=\"wp-block-image size-large is-resized\"><img decoding=\"async\" loading=\"lazy\" src=\"http:\/\/intranet.lubraquim.com.br\/wp-content\/uploads\/2021\/06\/Eleicao-Cipa-2021-1024x768.jpeg\" alt=\"\" class=\"wp-image-5557\" width=\"580\" height=\"435\" srcset=\"https:\/\/intranet.lubraquim.com.br\/wp-content\/uploads\/2021\/06\/Eleicao-Cipa-2021-1024x768.jpeg 1024w, https:\/\/intranet.lubraquim.com.br\/wp-content\/uploads\/2021\/06\/Eleicao-Cipa-2021-300x225.jpeg 300w, https:\/\/intranet.lubraquim.com.br\/wp-content\/uploads\/2021\/06\/Eleicao-Cipa-2021-768x576.jpeg 768w, https:\/\/intranet.lubraquim.com.br\/wp-content\/uploads\/2021\/06\/Eleicao-Cipa-2021.jpeg 1280w\" sizes=\"(max-width: 580px) 100vw, 580px\" \/><figcaption>ENCERRAMENTO DA ELEI\u00c7\u00c3O CIPA 2021\/2022<\/figcaption><\/figure>\n\n\n\n<figure class=\"wp-block-image size-large\"><img decoding=\"async\" loading=\"lazy\" width=\"503\" height=\"472\" src=\"http:\/\/intranet.lubraquim.com.br\/wp-content\/uploads\/2021\/06\/cipa.png\" alt=\"\" class=\"wp-image-5549\" srcset=\"https:\/\/intranet.lubraquim.com.br\/wp-content\/uploads\/2021\/06\/cipa.png 503w, https:\/\/intranet.lubraquim.com.br\/wp-content\/uploads\/2021\/06\/cipa-300x282.png 300w\" sizes=\"(max-width: 503px) 100vw, 503px\" \/><\/figure>\n","protected":false},"excerpt":{"rendered":"<p>Ocorreu no ultimo dia 21\/06\/2021 das 14:00 \u00e0s 14:40 a elei\u00e7\u00e3o da CIPA 2021\/2022 da Lubraquim. Abaixo Resultado final: REPRESENTANTES DOS FUNCIONARIOS NOME VOTOS CARGO Adriano Sendon Garrido 16 Vice &hellip;<\/p>\n<p class=\"read-more\"> <a class=\"\" href=\"https:\/\/intranet.lubraquim.com.br\/index.php\/2021\/06\/24\/eleicao-cipa-2021-2022\/\"> <span class=\"screen-reader-text\">ELEI\u00c7\u00c3O CIPA 2021\/2022<\/span> Leia mais &raquo;<\/a><\/p>\n","protected":false},"author":5,"featured_media":5640,"comment_status":"open","ping_status":"open","sticky":false,"template":"","format":"standard","meta":{"site-sidebar-layout":"","site-content-layout":"","ast-main-header-display":"","ast-hfb-above-header-display":"","ast-hfb-below-header-display":"","ast-hfb-mobile-header-display":"","site-post-title":"","ast-breadcrumbs-content":"","ast-featured-img":"","footer-sml-layout":"","theme-transparent-header-meta":"","adv-header-id-meta":"","stick-header-meta":"","header-above-stick-meta":"","header-main-stick-meta":"","header-below-stick-meta":"","footnotes":""},"categories":[1],"tags":[],"_links":{"self":[{"href":"https:\/\/intranet.lubraquim.com.br\/index.php\/wp-json\/wp\/v2\/posts\/5558"}],"collection":[{"href":"https:\/\/intranet.lubraquim.com.br\/index.php\/wp-json\/wp\/v2\/posts"}],"about":[{"href":"https:\/\/intranet.lubraquim.com.br\/index.php\/wp-json\/wp\/v2\/types\/post"}],"author":[{"embeddable":true,"href":"https:\/\/intranet.lubraquim.com.br\/index.php\/wp-json\/wp\/v2\/users\/5"}],"replies":[{"embeddable":true,"href":"https:\/\/intranet.lubraquim.com.br\/index.php\/wp-json\/wp\/v2\/comments?post=5558"}],"version-history":[{"count":2,"href":"https:\/\/intranet.lubraquim.com.br\/index.php\/wp-json\/wp\/v2\/posts\/5558\/revisions"}],"predecessor-version":[{"id":5641,"href":"https:\/\/intranet.lubraquim.com.br\/index.php\/wp-json\/wp\/v2\/posts\/5558\/revisions\/5641"}],"wp:featuredmedia":[{"embeddable":true,"href":"https:\/\/intranet.lubraquim.com.br\/index.php\/wp-json\/wp\/v2\/media\/5640"}],"wp:attachment":[{"href":"https:\/\/intranet.lubraquim.com.br\/index.php\/wp-json\/wp\/v2\/media?parent=5558"}],"wp:term":[{"taxonomy":"category","embeddable":true,"href":"https:\/\/intranet.lubraquim.com.br\/index.php\/wp-json\/wp\/v2\/categories?post=5558"},{"taxonomy":"post_tag","embeddable":true,"href":"https:\/\/intranet.lubraquim.com.br\/index.php\/wp-json\/wp\/v2\/tags?post=5558"}],"curies":[{"name":"wp","href":"https:\/\/api.w.org\/{rel}","templated":true}]}}